{"id":10304,"date":"2024-10-14T14:23:35","date_gmt":"2024-10-14T12:23:35","guid":{"rendered":"https:\/\/katedra.sk\/folyoirat\/?p=10304"},"modified":"2026-01-15T10:08:21","modified_gmt":"2026-01-15T09:08:21","slug":"xxxii_03-04_27","status":"publish","type":"post","link":"https:\/\/katedra.sk\/folyoirat\/xxxii_03-04_27\/","title":{"rendered":"Borb\u00e9ly Diana: \u00d3voda Dunaszerdahely sz\u00edv\u00e9ben"},"content":{"rendered":"<p style=\"position: sticky; top: 0; padding: 5px; text-align: center; background-color: #23ffd3;\"><strong>2024. november\u2013december, XXXII. \u00e9vfolyam, 3\u20134. sz\u00e1m, ISSN 2729-9066<\/strong><\/p>\n<p style=\"text-align: right;\"><a href=\"\/folyoirat\/wp-content\/uploads\/2024\/10\/xxxii_03-04_27.pdf\">A cikk let\u00f6lt\u00e9se PDF form\u00e1tumban<\/a><\/p>\n<p><span style=\"color: #ffffff;\">\u00a0<\/span><br \/>\n<span style=\"font-size: 1.5em;\">Borb\u00e9ly Diana<\/span><\/p>\n<p><strong><span style=\"font-size: 2em; color: #1abc9c;\">\u00d3voda Dunaszerdahely sz\u00edv\u00e9ben<\/span><\/strong><\/p>\n<p><span style=\"font-size: 2em;\"><strong>\u00a0<\/strong><\/span><\/p>\n<p style=\"text-align: justify;\"><img decoding=\"async\" class=\" wp-image-10305 alignleft\" src=\"https:\/\/katedra.sk\/folyoirat\/wp-content\/uploads\/2024\/10\/xxxii_03-04_25_01.jpeg\" alt=\"\" width=\"191\" height=\"135\" srcset=\"https:\/\/katedra.sk\/folyoirat\/wp-content\/uploads\/2024\/10\/xxxii_03-04_25_01.jpeg 426w, https:\/\/katedra.sk\/folyoirat\/wp-content\/uploads\/2024\/10\/xxxii_03-04_25_01-300x212.jpeg 300w\" sizes=\"(max-width: 191px) 100vw, 191px\" \/>A dunaszerdahelyi Benedek Elek \u00d3voda a csall\u00f3k\u00f6zi j\u00e1r\u00e1si sz\u00e9khely, Dunaszerdahely v\u00e1ros k\u00f6zpontj\u00e1ban helyezkedik el. A v\u00e1ros egyik legr\u00e9gebbi \u00f3vod\u00e1jak\u00e9nt tartj\u00e1k sz\u00e1mon. Az \u00e9p\u00fclet r\u00e9gebbi r\u00e9sze, mely valamikor csal\u00e1di h\u00e1zk\u00e9nt funkcion\u00e1lt,\u00a0 m\u00e1r 1954 \u00f3ta m\u0171k\u00f6dik \u00f3vodak\u00e9nt, m\u00edg az \u00fajabb oszt\u00e1lyokat a h\u00e1ts\u00f3, \u00fajonnan \u00e9p\u00fclt r\u00e9szben 1975-ben nyitott\u00e1k meg. Az int\u00e9zm\u00e9ny az \u00f3voda alap\u00edt\u00e1s\u00e1nak 55. \u00e9vfordul\u00f3j\u00e1ra szervezett \u00fcnneps\u00e9gen, 2009-ben vette fel a tiszetletbeli nevet, melyhez Benedek Elek lesz\u00e1rmazottai megtisztel\u0151 \u00edr\u00e1sbeli hozz\u00e1j\u00e1rul\u00e1sukat adt\u00e1k. Ett\u0151l az \u00e9vt\u0151l fogva az int\u00e9zm\u00e9ny hivatalos neve Benedek Elek \u00d3voda lett. Vezet\u0151je 2003-ig Orosz Erika volt, aki hossz\u00fa ideig \u00e1llt az int\u00e9zm\u00e9ny \u00e9l\u00e9n. Nyugd\u00edjba vonul\u00e1sa ut\u00e1n, 2004-t\u0151l Borb\u00e9ly Diana v\u00e1ltotta \u0151t az igazgat\u00f3i poszton. 2022-t\u0151l pedig V\u00e9gh J\u00falia igazgatja az \u00f3vod\u00e1t.<span style=\"color: #ffffff; font-size: 0.5em !important;\">\u00a0<\/span><\/p>\n<div><span style=\"color: #ffffff;\">\u00a0<\/span><\/div>\n<div style=\"text-align: center;\"><img decoding=\"async\" style=\"max-height: 800px;\" src=\"\/folyoirat\/wp-content\/uploads\/2024\/10\/xxxii_03-04_25_02.jpeg\" \/><br \/>\n<span style=\"color: #ffffff; font-size: 0.5em !important;\">\u00a0<\/span><br \/>\n<em><span style=\"font-size: 0.9em;\">Forr\u00e1s: A szerz\u0151 arch\u00edvuma<\/span><\/em><br \/>\n<span style=\"color: #ffffff;\">\u00a0<\/span><\/div>\n<p style=\"text-align: justify;\">Az \u00f3voda \u00e9p\u00fclete az elm\u00falt k\u00e9t \u00e9vtizedben fokozatos fel\u00faj\u00edt\u00e1son esett \u00e1t, ennek k\u00f6sz\u00f6nhet\u0151en eszt\u00e9tikus \u00e9s j\u00f3l felszerelt int\u00e9zm\u00e9ny v\u00e1rja a\u00a0gyermekeket. A\u00a0magyar tan\u00edt\u00e1si nyelv\u0171, csal\u00e1dias hangulat\u00fa, a korszer\u0171 ig\u00e9nyeknek megfelel\u0151 h\u00e1rom oszt\u00e1lyos \u00f3voda alkalmazottai igyekeznek \u00f6szt\u00f6nz\u0151 k\u00f6rnyezetet, meghitt, szeretetteljes l\u00e9gk\u00f6rt teremteni a\u00a0gyermekek sz\u00e1m\u00e1ra, melyben az egym\u00e1s ir\u00e1nti elfogad\u00e1s \u00e9s a\u00a0tolerancia domin\u00e1l. Ennek ok\u00e1n az inkl\u00fazi\u00f3 elv\u00e9t k\u00f6vetve az int\u00e9zm\u00e9ny t\u00f6bb saj\u00e1tos nevel\u00e9si ig\u00e9ny\u0171 gyermek nevel\u00e9s\u00e9t \u00e9s oktat\u00e1s\u00e1t is biztos\u00edtja. A\u00a0pedag\u00f3gusok arra t\u00f6rekednek, hogy a\u00a0gyermekek \u00e9letkoruknak megfelel\u0151 m\u00f3don szerezzenek tapasztalatokat a\u00a0k\u00f6r\u00fcl\u00f6tt\u00fck l\u00e9v\u0151 vil\u00e1gr\u00f3l, megtanuljanak boldogulni benne, s\u00a0megtanulj\u00e1k elfogadni egym\u00e1st.<\/p>\n<p style=\"text-align: justify;\">A\u00a0pedag\u00f3gusok az \u00f3voda helyi pedag\u00f3giai programja seg\u00edts\u00e9g\u00e9vel, amely a\u00a0<em>Kis m\u0171v\u00e9szek Csodaorsz\u00e1gban <\/em>elnevezt\u00e9st viseli, a\u00a0m\u0171v\u00e9szetek eszk\u00f6zei \u00e1ltal igyekeznek a\u00a0gyermekek \u00e9rzelmi intelligenci\u00e1j\u00e1t, kognit\u00edv k\u00e9pess\u00e9geit fejleszteni, illetve t\u00e1mogatni az \u00e1llami oktat\u00e1si program \u00e1ltal el\u0151\u00edrt k\u00e9szs\u00e9gek, kompetenci\u00e1k form\u00e1l\u00e1s\u00e1t. Ennek ok\u00e1n a\u00a0j\u00e1t\u00e9k, kiv\u00e1ltk\u00e9pp az eszt\u00e9tikai j\u00e1t\u00e9kok \u00e9s a m\u0171v\u00e9szeti tev\u00e9kenys\u00e9gek \u00e1llnak a\u00a0nevel\u0151-oktat\u00f3 munka f\u00f3kusz\u00e1ban. A\u00a0foglalkoz\u00e1sok sor\u00e1n kiemelked\u0151 szerepet kap a\u00a0zene, a b\u00e1boz\u00e1s, a\u00a0k\u00e9pz\u0151m\u0171v\u00e9szeti tev\u00e9kenys\u00e9gek, a versel\u00e9s \u00e9s Benedek Elek hagyat\u00e9k\u00e1hoz h\u0171en term\u00e9szetesen a\u00a0mes\u00e9l\u00e9s is. Az \u00f3voda \u00e9let\u00e9ben fontos a n\u00e9pmese, azon bel\u00fcl is Benedek Elek szellemis\u00e9g\u00e9nek \u00e1pol\u00e1sa. A n\u00e9pm\u0171v\u00e9szet formanyelv\u00e9n fogant vers, mese, \u00e9nekes j\u00e1t\u00e9k, a vizu\u00e1lis \u00e9s t\u00e1rgyi k\u00f6rnyezetet kiemel\u0151 program tev\u00e9kenys\u00e9gi keretk\u00e9nt \u00e9p\u00edti be a hagyom\u00e1ny\u0151rz\u00e9st, a n\u00e9pszok\u00e1sokat is, hogy az \u00f3v\u00f3n\u0151k az \u00e9vszakokhoz, jeles napokhoz t\u00e1rs\u00edtva tervezhess\u00e9k meg az \u00f3vodai nevel\u00e9s tartalmait.<\/p>\n<div><span style=\"color: #ffffff;\">\u00a0<\/span><\/div>\n<div style=\"text-align: center;\"><img decoding=\"async\" style=\"max-height: 800px;\" src=\"\/folyoirat\/wp-content\/uploads\/2024\/10\/xxxii_03-04_25_03.jpeg\" \/><br \/>\n<span style=\"color: #ffffff; font-size: 0.5em !important;\">\u00a0<\/span><br \/>\n<em><span style=\"font-size: 0.9em;\">Forr\u00e1s: A szerz\u0151 arch\u00edvuma<\/span><\/em><br \/>\n<span style=\"color: #ffffff;\">\u00a0<\/span><\/div>\n<p style=\"text-align: justify;\">A\u00a0program a\u00a0tradicion\u00e1lis \u00e9rt\u00e9kek meg\u0151rz\u00e9s\u00e9nek fontoss\u00e1g\u00e1t is kiemeli, ez\u00e9rt Maria Montessori pedag\u00f3gi\u00e1j\u00e1nak alapelevei szint\u00e9n a nevel\u0151-oktat\u00f3 munka alappill\u00e9r\u00e9t k\u00e9pezik, kiv\u00e1ltk\u00e9pp a gyermeki aktivit\u00e1s \u00e9s szabads\u00e1g, valamint az \u00f6nkorrekci\u00f3 domin\u00e1lnak a nevel\u00e9s sor\u00e1n. A\u00a0program tov\u00e1bbi fontos eleme a\u00a0tev\u00e9keny \u00f3vodai \u00e9let megteremt\u00e9se, melyben teret kap az alkot\u00e1s, a felfedez\u00e9s \u00fatj\u00e1n szerzett tapasztalatszerz\u00e9s \u00e9s a\u00a0kreativit\u00e1s kibontakoztat\u00e1sa.<\/p>\n<div><span style=\"color: #ffffff;\">\u00a0<\/span><\/div>\n<div style=\"text-align: center;\"><img decoding=\"async\" style=\"max-height: 800px;\" src=\"\/folyoirat\/wp-content\/uploads\/2024\/10\/xxxii_03-04_25_04.jpeg\" \/><br \/>\n<span style=\"color: #ffffff; font-size: 0.5em !important;\">\u00a0<\/span><br \/>\n<em><span style=\"font-size: 0.9em;\">Forr\u00e1s: A szerz\u0151 arch\u00edvuma<\/span><\/em><br \/>\n<span style=\"color: #ffffff;\">\u00a0<\/span><\/div>\n<p style=\"text-align: justify;\">Az \u00f3voda pedag\u00f3gusai vallj\u00e1k, hogy a m\u0171v\u00e9szetekkel val\u00f3 kapcsolat kialak\u00edt\u00e1s\u00e1t m\u00e1r kisgyermekkorban el kell kezdeni. Ennek \u00e9rdek\u00e9ben eg\u00e9sz \u00e9ven \u00e1t olyan programokat biztos\u00edtanak a gyermekeknek, melyekkel megalapozz\u00e1k az egyes m\u0171v\u00e9szeti \u00e1gakhoz val\u00f3 szoros k\u00f6t\u0151d\u00e9st, a\u00a0nemzeti kult\u00fara ir\u00e1nti elk\u00f6telez\u0151d\u00e9st, amely majd feln\u0151ttkorban meghat\u00e1roz\u00f3 lehet.<\/p>\n<div><span style=\"color: #ffffff;\">\u00a0<\/span><\/div>\n<p><a style=\"text-decoration: none; font-weight: bold !important;\" href=\"\/folyoirat\/xxxii_03-04\"><span style=\"color: black;\">Vissza a tartalomjegyz\u00e9kre<\/span><\/a><\/p>\n","protected":false},"excerpt":{"rendered":"<p>2024. november\u2013december, XXXII. \u00e9vfolyam, 3\u20134. sz\u00e1m, ISSN 2729-9066 A cikk let\u00f6lt\u00e9se PDF form\u00e1tumban \u00a0 Borb\u00e9ly Diana \u00d3voda Dunaszerdahely sz\u00edv\u00e9ben \u00a0 A dunaszerdahelyi Benedek Elek \u00d3voda a csall\u00f3k\u00f6zi j\u00e1r\u00e1si sz\u00e9khely, Dunaszerdahely v\u00e1ros k\u00f6zpontj\u00e1ban helyezkedik el. A v\u00e1ros egyik legr\u00e9gebbi \u00f3vod\u00e1jak\u00e9nt tartj\u00e1k sz\u00e1mon. Az \u00e9p\u00fclet r\u00e9gebbi r\u00e9sze, mely valamikor csal\u00e1di h\u00e1zk\u00e9nt funkcion\u00e1lt,\u00a0 m\u00e1r 1954 \u00f3ta m\u0171k\u00f6dik \u00f3vodak\u00e9nt, [&hellip;]<\/p>\n","protected":false},"author":2,"featured_media":0,"comment_status":"closed","ping_status":"closed","sticky":false,"template":"","format":"standard","meta":{"_acf_changed":false,"_lmt_disableupdate":"no","_lmt_disable":"","footnotes":""},"categories":[1],"tags":[],"class_list":["post-10304","post","type-post","status-publish","format-standard","hentry","category-egyeb"],"acf":[],"modified_by":"decsiz","_links":{"self":[{"href":"https:\/\/katedra.sk\/folyoirat\/wp-json\/wp\/v2\/posts\/10304","targetHints":{"allow":["GET"]}}],"collection":[{"href":"https:\/\/katedra.sk\/folyoirat\/wp-json\/wp\/v2\/posts"}],"about":[{"href":"https:\/\/katedra.sk\/folyoirat\/wp-json\/wp\/v2\/types\/post"}],"author":[{"embeddable":true,"href":"https:\/\/katedra.sk\/folyoirat\/wp-json\/wp\/v2\/users\/2"}],"replies":[{"embeddable":true,"href":"https:\/\/katedra.sk\/folyoirat\/wp-json\/wp\/v2\/comments?post=10304"}],"version-history":[{"count":4,"href":"https:\/\/katedra.sk\/folyoirat\/wp-json\/wp\/v2\/posts\/10304\/revisions"}],"predecessor-version":[{"id":29345,"href":"https:\/\/katedra.sk\/folyoirat\/wp-json\/wp\/v2\/posts\/10304\/revisions\/29345"}],"wp:attachment":[{"href":"https:\/\/katedra.sk\/folyoirat\/wp-json\/wp\/v2\/media?parent=10304"}],"wp:term":[{"taxonomy":"category","embeddable":true,"href":"https:\/\/katedra.sk\/folyoirat\/wp-json\/wp\/v2\/categories?post=10304"},{"taxonomy":"post_tag","embeddable":true,"href":"https:\/\/katedra.sk\/folyoirat\/wp-json\/wp\/v2\/tags?post=10304"}],"curies":[{"name":"wp","href":"https:\/\/api.w.org\/{rel}","templated":true}]}}