{"id":10753,"date":"2024-12-17T13:27:27","date_gmt":"2024-12-17T12:27:27","guid":{"rendered":"https:\/\/katedra.sk\/folyoirat\/?p=10753"},"modified":"2025-12-03T09:22:29","modified_gmt":"2025-12-03T08:22:29","slug":"xxxii_05-06_05","status":"publish","type":"post","link":"https:\/\/katedra.sk\/folyoirat\/xxxii_05-06_05\/","title":{"rendered":"Mell\u00e1r Mezei Anita: Mindfulness \u00e9s k\u00fcl\u00f6nleges gyerekek \u2013 a tudatos jelenl\u00e9t erej\u00e9vel a saj\u00e1tos nevel\u00e9si ig\u00e9ny\u0171 gyermekek t\u00e1mogat\u00e1s\u00e1\u00e9rt"},"content":{"rendered":"<p style=\"position: sticky; top: 0; padding: 5px; text-align: center; background-color: #23ffd3;\"><strong>2025.\u00a0janu\u00e1r\u2013febru\u00e1r, XXXII. \u00e9vfolyam, 5\u20136.\u00a0sz\u00e1m, ISSN 2729-9066<\/strong><\/p>\n<p style=\"text-align: right;\"><a href=\"\/folyoirat\/wp-content\/uploads\/2024\/12\/xxxii_05-06_05.pdf\">A cikk let\u00f6lt\u00e9se PDF form\u00e1tumban<\/a><\/p>\n<p><span style=\"color: #ffffff;\">\u00a0<\/span><br \/>\n<span style=\"font-size: 1.5em;\">Mell\u00e1r Mezei Anita<\/span><\/p>\n<p><strong><span style=\"font-size: 2em; color: #1abc9c;\">Mindfulness \u00e9s\u00a0k\u00fcl\u00f6nleges gyerekek\u00a0\u2013\u00a0a\u00a0tudatos jelenl\u00e9t erej\u00e9vel a\u00a0saj\u00e1tos nevel\u00e9si ig\u00e9ny\u0171 gyermekek t\u00e1mogat\u00e1s\u00e1\u00e9rt<\/span><\/strong><\/p>\n<p><span style=\"font-size: 2em;\"><strong>\u00a0<\/strong><\/span><\/p>\n<p style=\"text-align: justify;\">A\u00a0mai vil\u00e1g felgyorsult \u00fctem\u00e9ben, ahol a\u00a0gyerekeket sz\u00e1mtalan inger \u00e9s\u00a0kih\u00edv\u00e1s \u00e9ri nap mint nap, a\u00a0saj\u00e1tos nevel\u00e9si ig\u00e9ny\u0171 gyermekek sz\u00e1m\u00e1ra a\u00a0stressz \u00e9s\u00a0a\u00a0szorong\u00e1s lek\u00fczd\u00e9se k\u00fcl\u00f6n\u00f6sen nagy kih\u00edv\u00e1st jelent. Sz\u00fcleik \u00e9s\u00a0pedag\u00f3gusaik gyakran k\u00fcl\u00f6nleges neh\u00e9zs\u00e9gekkel szembes\u00fclnek, mivel ezek a\u00a0gyerekek sokszor a\u00a0megszokott\u00f3l elt\u00e9r\u0151en reag\u00e1lnak az\u00a0\u00e9let helyzeteire, ami fesz\u00fclts\u00e9geket kelthet. A\u00a0mindfulness gyakorlatok seg\u00edts\u00e9g\u00e9vel azonban k\u00f6nnyebben kezelhetj\u00fck ezeket a\u00a0helyzeteket, \u00e9s\u00a0magunkr\u00f3l is gondoskodhatunk, hogy jobb \u00e1llapotban legy\u00fcnk ahhoz, hogy t\u00e1mogassuk a\u00a0gyerekeket. Ezenk\u00edv\u00fcl a\u00a0mindfulness mint \u00e9letst\u00edlus er\u0151s\u00edtheti a\u00a0gyermek \u00f6nszab\u00e1lyoz\u00f3 k\u00e9pess\u00e9geit, seg\u00edthet tudatosabban \u00e9s\u00a0k\u00f6nnyebben kezelni a\u00a0fesz\u00fclt \u00e9lethelyzeteket.<\/p>\n<p><strong>Az\u00a0SNI-stigma<\/strong><\/p>\n<p style=\"text-align: justify;\">Saj\u00e1tos nevel\u00e9si ig\u00e9ny\u0171 gyermeket nevelni nem csup\u00e1n a\u00a0mindennapokban jelent kih\u00edv\u00e1st, de sajnos a\u00a0t\u00e1rsadalmi megb\u00e9lyegz\u00e9ssel is gyakran szembes\u00fclnek ezek a\u00a0csal\u00e1dok. Egy\u00a0SNI diagn\u00f3zis sok esetben m\u00e9g mindig stigmatiz\u00e1l\u00f3 lehet\u00a0\u2013\u00a0nemcsak a\u00a0gyermek, hanem a\u00a0sz\u00fcl\u0151k sz\u00e1m\u00e1ra is. Gyakran tapasztaljuk azt, hogy az\u00a0emberek f\u00e9lre\u00e9rtik vagy nem \u00e9rtik meg az\u00a0ilyen gyermekek viselked\u00e9s\u00e9t, \u00e9s\u00a0ez\u00a0sokszor el\u00edt\u00e9l\u00e9shez vagy sajn\u00e1lathoz vezet, ami mindk\u00e9t esetben rendk\u00edv\u00fcl k\u00e1ros. Egy\u00a0saj\u00e1tos nevel\u00e9si ig\u00e9ny\u0171 gyerek impulz\u00edv viselked\u00e9s\u00e9t vagy szokatlan reakci\u00f3it a\u00a0k\u00f6z\u00f6ss\u00e9g gyakran f\u00e9lre\u00e9rti, \u00e9s\u00a0ez\u00a0a\u00a0gyermekekben kor\u00e1n kialak\u00edthatja a\u00a0k\u00edv\u00fcl\u00e1ll\u00f3s\u00e1g \u00e9rz\u00e9s\u00e9t. Sz\u00fcl\u0151k\u00e9nt neh\u00e9z ezt l\u00e1tni, \u00e9s\u00a0m\u00e9g nehezebb, amikor a\u00a0sz\u00fcl\u0151k maguk is meg\u00edt\u00e9ltetnek a\u00a0gyermek\u00fck viselked\u00e9se miatt, ami tov\u00e1bbi \u00e9rzelmi terhet r\u00f3 r\u00e1juk.<\/p>\n<p style=\"text-align: justify;\">A\u00a0mindfulness itt is t\u00e1mogat\u00f3 lehet, nemcsak a\u00a0gyermekek sz\u00e1m\u00e1ra, hanem a\u00a0sz\u00fcl\u0151knek is. A\u00a0tudatos jelenl\u00e9t gyakorl\u00e1sa megtan\u00edt arra, hogy elfogadjuk a\u00a0helyzeteket an\u00e9lk\u00fcl, hogy \u00edt\u00e9lkezn\u00e9nk magunk vagy a\u00a0gyermekeink felett. A\u00a0gyakorlatok r\u00e9v\u00e9n k\u00f6nnyebb elengedni az\u00a0\u00f6nmagunkkal vagy a\u00a0t\u00e1rsadalmi elv\u00e1r\u00e1sokkal kapcsolatos b\u0171ntudatot, \u00e9s\u00a0helyette a\u00a0jelenben l\u00e9v\u0151 kih\u00edv\u00e1sokra \u00e9s\u00a0az\u00a0azokkal val\u00f3 megk\u00fczd\u00e9sre f\u00f3kusz\u00e1lni.<\/p>\n<p><strong>Azok a\u00a0bizonyos neh\u00e9z helyzetek<\/strong><\/p>\n<p style=\"text-align: justify;\">Feln\u0151ttk\u00e9nt tal\u00e1n nem is gondoln\u00e1nk, hogy egy\u00a0egyszer\u0171 h\u00e9tk\u00f6znapi szitu\u00e1ci\u00f3, mint p\u00e9ld\u00e1ul az\u00a0iskol\u00e1b\u00f3l hazaj\u00f6vet t\u00f6rt\u00e9n\u0151 \u00e1t\u00f6lt\u00f6z\u00e9s, gyakran alakul \u00e1t konfliktuss\u00e1. Ezek a\u00a0pillanatok nemcsak a\u00a0gyermek sz\u00e1m\u00e1ra jelentenek frusztr\u00e1ci\u00f3t, hanem a\u00a0sz\u00fcl\u0151k, s\u0151t a\u00a0testv\u00e9rek sz\u00e1m\u00e1ra is neh\u00e9zs\u00e9geket okoznak. Az\u00a0iskolai k\u00f6rnyezetben pedag\u00f3gusk\u00e9nt t\u00f6bbsz\u00f6r is megtapasztaltam, hogy milyen stresszesnek \u00e9lik meg a\u00a0gyerekek az\u00a0\u00e1t\u00e1ll\u00e1st az\u00a0egyik tan\u00edt\u00e1si \u00f3r\u00e1r\u00f3l egy\u00a0k\u00f6vetkez\u0151re. Adott esetben nemcsak m\u00e1s k\u00e9szs\u00e9geket kell el\u0151h\u00edvniuk (p\u00e9ld\u00e1ul sz\u00e1mol\u00e1sr\u00f3l versolvas\u00e1sra v\u00e1ltani), hanem r\u00f6vid id\u0151 alatt kell alkalmazkodniuk egy\u00a0m\u00e1sik tan\u00e1rhoz, m\u00e1s csoportform\u00e1hoz. Mindezt pedig viszonylag kev\u00e9s id\u0151 alatt kell megtenni\u00fck. A\u00a0saj\u00e1tos nevel\u00e9si ig\u00e9ny\u0171 gyerekek, amikor t\u00falterheltek a\u00a0napi iskolai elv\u00e1r\u00e1sok \u00e9s\u00a0t\u00e1rsas interakci\u00f3k miatt, gyakran szoronganak vagy visszah\u00faz\u00f3dnak. Ezek a\u00a0gyerekek nehezen tal\u00e1lj\u00e1k meg az\u00a0\u00e9rzelmi egyens\u00falyt, ami akad\u00e1lyozhatja a\u00a0tanul\u00e1st, a\u00a0t\u00e1rsas kapcsolataik kialak\u00edt\u00e1s\u00e1t, \u00e9s\u00a0gyakran vezet impulz\u00edv viselked\u00e9shez vagy figyelemzavarhoz.<\/p>\n<p style=\"text-align: justify;\">A\u00a0mindfulness abban ny\u00fajt seg\u00edts\u00e9get, hogy jobban tudjanak f\u00f3kusz\u00e1lni, lecsillapodni \u00e9s\u00a0meg\u00e9rteni azokat a\u00a0bels\u0151 folyamatokat, amelyek zavarhatj\u00e1k \u0151ket egy-egy stresszes helyzetben. Ez\u00a0nemcsak a\u00a0nyugalom megteremt\u00e9s\u00e9ben seg\u00edt, hanem abban is, hogy jobban meg\u00e9rts\u00e9k \u00f6nmagukat. Az\u00e1ltal, hogy megtanulnak tudatosan figyelni a\u00a0l\u00e9gz\u00e9s\u00fckre, a\u00a0test\u00fck \u00e9rzeteire, vagy ak\u00e1r a\u00a0k\u00f6rnyezet hangjaira, k\u00e9pesek lesznek arra, hogy \u00e9rzelmeiket \u00e9s\u00a0reakci\u00f3ikat jobban szab\u00e1lyozz\u00e1k. Ez\u00a0k\u00fcl\u00f6n\u00f6sen hasznos lehet egy\u00a0stresszes iskolai helyzetben vagy egy\u00a0otthoni konfliktus sor\u00e1n, ahol a\u00a0fesz\u00fclts\u00e9g gyorsan kialakulhat. Ahhoz, hogy mindezek elsaj\u00e1t\u00edt\u00e1sa ne egy\u00a0k\u00f6vetkez\u0151 feladat legyen a\u00a0gyerekek sz\u00e1m\u00e1ra, \u00e9rdemes saj\u00e1t magunkkal kezden\u00fcnk. Van-e nek\u00fcnk feln\u0151ttk\u00e9nt tudatos megk\u00fczd\u00e9si strat\u00e9gi\u00e1nk a\u00a0stressz \u00e9s\u00a0t\u00falterhelts\u00e9g kezel\u00e9s\u00e9re? Ha van, akkor az\u00a0mintak\u00e9nt hat a\u00a0gyerekekre, mint ahogy az\u00a0is, ha a\u00a0tudatos jelenl\u00e9t (mindfulness) gyakorlatait k\u00f6z\u00f6sen v\u00e9gezz\u00fck el egyfajta kalandk\u00e9nt, j\u00e1t\u00e9kk\u00e9nt, felfedez\u00e9sk\u00e9nt meg\u00e9lve.<\/p>\n<p><strong>Mindfulness gyakorlatok a\u00a0h\u00e9tk\u00f6znapokban<\/strong><\/p>\n<p style=\"text-align: justify;\">K\u00f6nyvem, a\u00a0<em>Mindfulness ABC: Gyakorlatok oviban, suliban \u00e9s\u00a0otthon<\/em> sz\u00e1mos olyan konkr\u00e9t \u00e9s\u00a0k\u00f6nnyen kivitelezhet\u0151 gyakorlatot tartalmaz, amelyeknek seg\u00edts\u00e9g\u00e9vel a\u00a0gyerekek egy\u00a0eszk\u00f6zt\u00e1rat kapnak. Megtanulhatj\u00e1k felismerni a\u00a0stresszt \u00e9s\u00a0tudatosan kezelni azt, nyugodtabb k\u00f6rnyezetet teremteni \u00e9s\u00a0megszel\u00edd\u00edteni az\u00a0\u00e9rzelmi viharokat. Egy\u00a0konkr\u00e9t gyakorlat erre a\u00a0<em>Hol lapul a\u00a0titok?<\/em> elnevez\u00e9st kapta a\u00a0gyerekekt\u0151l. Ez\u00a0a\u00a0gyakorlat csillap\u00edtja a\u00a0szorong\u00e1st, \u00e9s\u00a0kiv\u00e1l\u00f3an hat vizsgahelyzetben: seg\u00edt kord\u00e1ban tartani az\u00a0izgul\u00e1st, elvonja az\u00a0er\u0151t a\u00a0szorong\u00e1st\u00f3l \u00e9s\u00a0az\u00a0agg\u00f3d\u00e1st\u00f3l. J\u00f3l bev\u00e1lt ez\u00a0az\u00a0iskolai \u00e1tmenetek sor\u00e1n, p\u00e9ld\u00e1ul egyik \u00f3r\u00e1r\u00f3l a\u00a0k\u00f6vetkez\u0151re, sz\u00fcnetr\u0151l tanul\u00e1sra vagy \u00e9ppen sulib\u00f3l otthonra v\u00e1ltva. A\u00a0gyakorlat l\u00e9nyege, hogy a\u00a0figyelmet egy\u00a0konk\u00e9rt tapasztal\u00e1sba horgonyozzuk le (p\u00e9ld\u00e1ul f\u00e9l percig):<\/p>\n<ol style=\"text-align: justify;\">\n<li>L\u00e1t\u00e1s: Figyelj\u00fcnk meg egy\u00a0dolgot, mintha most el\u0151sz\u00f6r l\u00e1tn\u00e1nk\u00a0\u2013\u00a0p\u00e9ld\u00e1ul egy\u00a0ceruz\u00e1t. Figyelj\u00fck meg minden apr\u00f3 r\u00e9szlet\u00e9t, sz\u00edn\u00e9t, s\u00faly\u00e1t, mint\u00e1j\u00e1t.<\/li>\n<li>Hall\u00e1s: Figyelj\u00fck meg, milyen hangja lehet a\u00a0ceruz\u00e1nak\u00a0\u2013\u00a0p\u00e9ld\u00e1ul ha cs\u00edkokat h\u00fazunk vele a\u00a0pap\u00edron.<\/li>\n<li>Tapint\u00e1s: Figyelj\u00fck meg, milyen a\u00a0ceruza tapint\u00e1sa\u00a0\u2013\u00a0p\u00e9ld\u00e1ul ha er\u0151sen, ha laz\u00e1n fogom, milyen a\u00a0fel\u00fclete (sima, \u00e9rdes&#8230;)<\/li>\n<li>Szagl\u00e1s: Figyelj\u00fck meg, van-e illata a\u00a0ceruz\u00e1nak.<\/li>\n<\/ol>\n<p style=\"text-align: justify;\">Ez\u00a0a gyakorlat egyszer\u0171en seg\u00edt a\u00a0gyerekeknek \u201elehorgonyozni\u201d magukat a\u00a0jelenben, amikor az\u00a0\u00e9rzelmeik t\u00fal er\u0151teljesek, \u00e9s\u00a0elker\u00fclhetetlennek t\u0171nik a\u00a0szorong\u00e1s vagy az\u00a0\u00e9rzelmi kit\u00f6r\u00e9s. Amikor egy\u00a0gyermek (\u00e9s term\u00e9szetesen feln\u0151tt is) k\u00e9pes figyelni az\u00a0\u00e9rz\u00e9kszervi tapasztalataira, ahelyett, hogy az\u00a0\u00e9rzelmi viharokra koncentr\u00e1lna, sokkal k\u00f6nnyebben meg tud nyugodni. Ezt a\u00a0gyakorlatot az\u00a0iskolai stresszes helyzetekben ak\u00e1r az\u00a0eg\u00e9sz oszt\u00e1llyal k\u00f6z\u00f6sen is\u00a0\u2013\u00a0p\u00e9ld\u00e1ul dolgozat\u00edr\u00e1s el\u0151tt\u00a0\u2013\u00a0vagy otthon k\u00f6z\u00f6sen is gyakorolhatjuk. Szeretem hangs\u00falyozni a\u00a0\u201ek\u00f6z\u00f6sen\u201c erej\u00e9t, hiszen ebben benne van a\u00a0kapcsolat\u00e9p\u00edt\u00e9s, az\u00a0egym\u00e1sra val\u00f3 odafigyel\u00e9s. A\u00a0gyerekekkel val\u00f3 kapcsol\u00f3d\u00e1s akkor lesz igaz\u00e1n m\u00e9ly \u00e9s\u00a0szeretetteljes, ha k\u00f6zben mi magunk is jelen vagyunk\u00a0\u2013\u00a0nemcsak testileg, hanem lelkileg is. \u00c9n hiszem \u00e9s\u00a0tapasztalom, hogy ezzel tudjuk a\u00a0legjobban meger\u0151s\u00edteni a\u00a0gyerekeket az\u00a0\u00e9letre.<\/p>\n<div><span style=\"color: #ffffff;\">\u00a0<\/span><\/div>\n<div style=\"text-align: center;\"><img decoding=\"async\" style=\"max-height: 800px;\" src=\"\/folyoirat\/wp-content\/uploads\/2024\/12\/xxxii_05-06_05_01.jpg\" \/><br \/>\n<span style=\"color: #ffffff; font-size: 0.5em !important;\">\u00a0<\/span><br \/>\n<em><span style=\"font-size: 0.9em;\">Forr\u00e1s: A szerz\u0151 arch\u00edvuma<\/span><\/em><br \/>\n<span style=\"color: #ffffff;\">\u00a0<\/span><\/div>\n<div><span style=\"color: #ffffff;\">\u00a0<\/span><\/div>\n<p style=\"text-align: justify;\">A\u00a0mindfulness gyakorlatai k\u00f6nnyen be\u00e9p\u00edthet\u0151k a\u00a0mindennapokba. Lehetnek ezek olyan biztos pontok az\u00a0otthoni vagy iskolai napirendben, amelyek egyszerre adnak biztons\u00e1got \u00e9s\u00a0felszabadults\u00e1got a\u00a0feladatok terhe al\u00f3l. Az\u00a05\u201310\u00a0\u00e9ves gyerekeknek sz\u00f3l\u00f3 k\u00f6nyvemben\u00a0\u2013\u00a0<em>Tigrisnindzsa \u00e9s\u00a0csodak\u0151<\/em> \u2013, D\u00e1vid t\u00f6rt\u00e9net\u00e9ben a\u00a0kisfi\u00fa a\u00a0l\u00e9gz\u00e9s erej\u00e9t haszn\u00e1lja, hogy kezelni tudja a\u00a0konfliktusokat. A\u00a0gyakorlat menete a\u00a0k\u00f6vetkez\u0151:<\/p>\n<p style=\"text-align: justify;\"><em>K\u00e9nyelmesen \u00fclve megfigyelj\u00fck, hogyan emelkedik \u00e9s\u00a0s\u00fcllyed a\u00a0has minden egyes bel\u00e9gz\u00e9s \u00e9s\u00a0kil\u00e9gz\u00e9s sor\u00e1n. Olyan m\u00e9lyen \u00e9s\u00a0nyugodtan l\u00e9legz\u00fcnk, mint egy\u00a0\u201eTigrisnindzsa\u201d. A\u00a0Tigrisnindzsa nyugodt \u00e9s\u00a0er\u0151s, minden bel\u00e9gz\u00e9sn\u00e9l er\u0151t gy\u0171jt, minden kil\u00e9gz\u00e9sn\u00e9l pedig elenged minden fesz\u00fclts\u00e9get.<\/em><\/p>\n<p style=\"text-align: justify;\">Ez\u00a0a gyakorlat otthon \u00e9s\u00a0az\u00a0iskol\u00e1ban is haszn\u00e1lhat\u00f3, k\u00fcl\u00f6n\u00f6sen akkor, ha\u00a0fesz\u00fclts\u00e9get, koncentr\u00e1ci\u00f3s neh\u00e9zs\u00e9get \u00e9rz\u00e9kel\u00fcnk. Nem kell hossz\u00fa percekig v\u00e9gezn\u00fcnk, 2\u20133\u00a0perc b\u0151ven el\u00e9g.<\/p>\n<p><strong>A\u00a0sz\u00fcl\u0151k \u00e9s\u00a0pedag\u00f3gusok kih\u00edv\u00e1sai<\/strong><\/p>\n<p style=\"text-align: justify;\">Az\u00a0SNI-s gyerekekkel val\u00f3 munka k\u00fcl\u00f6nleges kih\u00edv\u00e1sokat hoz mag\u00e1val. Az\u00a0ilyen gyerekek sokszor intenz\u00edvebben \u00e9lik meg az\u00a0\u00e9letet, \u00e9s\u00a0k\u00fcl\u00f6nleges figyelmet ig\u00e9nyelnek. Ahhoz, hogy megfelel\u0151 t\u00e1mogat\u00e1st ny\u00fajthassunk sz\u00e1mukra, nek\u00fcnk is egyens\u00falyban kell lenn\u00fcnk. Sz\u00fcl\u0151k\u00e9nt \u00e9s\u00a0pedag\u00f3gusk\u00e9nt fontos, hogy magunkra is figyelj\u00fcnk, hiszen ha mi nem vagyunk j\u00f3l, akkor a\u00a0gyerekekkel val\u00f3 kapcsolatunk sem lehet teljes. Az\u00a0\u00f6ngondoskod\u00e1s feln\u0151ttk\u00e9nt minta lehet a\u00a0gyerekek sz\u00e1m\u00e1ra is\u00a0\u2013\u00a0ha l\u00e1tj\u00e1k, hogy t\u00f6r\u0151d\u00fcnk magunkkal, akkor \u0151k is megtanulj\u00e1k, hogyan figyeljenek oda saj\u00e1t sz\u00fcks\u00e9gleteikre. Az\u00a0\u00f6ngondoskod\u00e1s p\u00e9ldamutat\u00f3 szerepe k\u00fcl\u00f6n\u00f6sen fontos a\u00a0saj\u00e1tos nevel\u00e9si ig\u00e9ny\u0171 gyerekek sz\u00e1m\u00e1ra, akik gyakran \u00e9rz\u00e9kenyek a\u00a0k\u00f6rnyezet\u00fckben l\u00e9v\u0151 feln\u0151ttek \u00e9rzelmeire. Ha mi magunk gyakoroljuk a\u00a0mindfulness technik\u00e1it, \u00e9s\u00a0t\u00f6r\u0151d\u00fcnk a\u00a0saj\u00e1t \u00e9rzelmi j\u00f3l\u00e9t\u00fcnkkel, akkor azzal a\u00a0gyerekeknek is adunk egy\u00a0hiteles mint\u00e1t. Az, hogy tudatosan figyel\u00fcnk a\u00a0jelen pillanatra, \u00e9s\u00a0id\u0151t sz\u00e1nunk arra, hogy megpihenj\u00fcnk \u00e9s\u00a0felt\u00f6lt\u0151dj\u00fcnk, kulcsfontoss\u00e1g\u00fa a\u00a0gyerekekkel val\u00f3 kapcsolatban. Ez\u00a0nemcsak nek\u00fcnk, de nekik is seg\u00edt abban, hogy kiegyens\u00falyozottabbak \u00e9s\u00a0boldogabbak legyenek a\u00a0mindennapokban.<\/p>\n<p><strong>Nem vagy egyed\u00fcl!<\/strong><\/p>\n<p style=\"text-align: justify;\">Amikor egy\u00a0neh\u00e9z \u00e9lethelyzetben tal\u00e1ljuk magunkat, hajlamosak vagyunk azt gondolni, hogy egyed\u00fcl vagyunk ebben a\u00a0neh\u00e9zs\u00e9gben. Saj\u00e1tos nevel\u00e9si ig\u00e9ny\u0171 gyermeket nevelni, tan\u00edtani kih\u00edv\u00e1s. A\u00a0mindennapi feladatok, mint az\u00a0iskolai k\u00e9sz\u00fcl\u0151d\u00e9s, az\u00a0\u00e9rzelmi kirohan\u00e1sok kezel\u00e9se vagy ak\u00e1r egy\u00a0egyszer\u0171 v\u00e1s\u00e1rl\u00e1s is rendk\u00edv\u00fcli stresszforr\u00e1ss\u00e1 v\u00e1lhatnak. Ezek a\u00a0sz\u00fcl\u0151k gyakran \u00e9rzik magukat kimer\u00fcltnek, \u00e9s\u00a0\u00fagy, hogy senki sem \u00e9rti igaz\u00e1n, min mennek kereszt\u00fcl. A\u00a0kih\u00edv\u00e1sok egyik legnehezebb r\u00e9sze az, hogy sokszor mag\u00e1nyosan szembes\u00fclnek vel\u00fck. A\u00a0k\u00f6rnyezet\u00a0\u2013\u00a0m\u00e9g ha j\u00f3sz\u00e1nd\u00e9k\u00fa is\u00a0\u2013\u00a0sok esetben nem \u00e9rti meg a\u00a0helyzetet, \u00e9s\u00a0ezzel akaratlanul is t\u00e1vols\u00e1got hoz l\u00e9tre.<\/p>\n<p style=\"text-align: justify;\">Pedag\u00f3gusk\u00e9nt is felmer\u00fclhet benn\u00fcnk a\u00a0k\u00e9rd\u00e9s: \u201eMi\u00e9rt pont vel\u00fcnk t\u00f6rt\u00e9nik ez?\u201d, vagy \u201eMi\u00e9rt nem tudom \u00fagy kezelni ezt a\u00a0helyzetet, ahogyan kellene?\u201d Ezek a\u00a0k\u00e9rd\u00e9sek pedig egy\u00a0\u00f6rd\u00f6gi k\u00f6rbe hajszolnak, ahol folyamatosan k\u00e9telked\u00fcnk magunkban \u00e9s\u00a0abban, hogy j\u00f3 munk\u00e1t v\u00e9gz\u00fcnk-e. A\u00a0mindfulness arra tan\u00edt, hogy \u00edt\u00e9lkez\u00e9s n\u00e9lk\u00fcl fogadjuk el az\u00a0\u00e9rzelmeinket, a\u00a0helyzet\u00fcnket \u00e9s\u00a0\u00f6nmagunkat. A\u00a0jelen pillanatra koncentr\u00e1lva \u00e9szrevessz\u00fck, hogy nem kell mindig mindenre v\u00e1laszt tal\u00e1lni, \u00e9s\u00a0hogy az\u00a0elv\u00e1r\u00e1sok helyett a\u00a0pillanat meg\u00e9l\u00e9se is elegend\u0151 lehet. R\u00e1ad\u00e1sul gyakran a\u00a0gyerek t\u00falterhelts\u00e9ge, fesz\u00fclts\u00e9ge a\u00a0saj\u00e1t sz\u00fcl\u0151i \u00e9s\/ vagy pedag\u00f3gusi fesz\u00fclts\u00e9gb\u0151l \u00e9s\u00a0szorong\u00e1sb\u00f3l eredhet. Ha feln\u0151ttk\u00e9nt k\u00e9pesek vagyunk meg\u0151rizni a\u00a0nyugalmat, akkor a\u00a0gyerekek is hamarabb megnyugodnak, \u00e9s\u00a0elindulhatunk k\u00f6z\u00f6sen az\u00a0egy\u00fcttm\u0171k\u00f6d\u00e9s \u00fatj\u00e1n.<\/p>\n<p><strong>Z\u00e1r\u00f3 gondolatok<\/strong><\/p>\n<p style=\"text-align: justify;\">A mindfullness nem csodaszer, nem lesznek t\u0151le a gyerekek egy csap\u00e1sra fegyelmezett, cukorillatos var\u00e1zsp\u00f3nik. A mindfulness sokkal ink\u00e1bb \u00e9letm\u00f3d, amely seg\u00edt abban, hogy a jelenben \u00e9lj\u00fcnk, \u00e9s jobban meg\u00e9rts\u00fck \u00f6nmagunkat \u00e9s a k\u00f6r\u00fcl\u00f6tt\u00fcnk l\u00e9v\u0151 vil\u00e1got. Saj\u00e1tos nevel\u00e9si ig\u00e9ny\u0171 gyerekek eset\u00e9ben k\u00fcl\u00f6n\u00f6sen fontos, hogy megtanulj\u00e1k, hogyan figyeljenek a test\u00fckre \u00e9s az \u00e9rz\u00e9seikre, \u00e9s hogy a k\u00f6r\u00fcl\u00f6tt\u00fck l\u00e9v\u0151 feln\u0151ttek tudatosan t\u00e1mogass\u00e1k \u0151ket ebben a folyamatban.<\/p>\n<p style=\"text-align: justify;\">A\u00a0<em>Mindfulness ABC<\/em> \u00e9s\u00a0a\u00a0<em>Tigrisnindzsa \u00e9s\u00a0Csodak\u0151<\/em> egy\u00fcttesen hat\u00e9kony eszk\u00f6z\u00f6k lehetnek minden sz\u00fcl\u0151, pedag\u00f3gus \u00e9s\u00a0gyermek sz\u00e1m\u00e1ra, akik szeretn\u00e9k be\u00e9p\u00edteni a\u00a0tudatos jelenl\u00e9t gyakorlatait a\u00a0mindennapjaikba. A\u00a0tudatos jelenl\u00e9t gyakorl\u00e1s\u00e1val nemcsak a\u00a0gyermekek \u00e9rzelmi vil\u00e1ga v\u00e1lik kiegyens\u00falyozottabb\u00e1, hanem a\u00a0sz\u00fcl\u0151k \u00e9s\u00a0tan\u00e1rok is megtapasztalhatj\u00e1k a\u00a0tudatos jelenl\u00e9t nyugalm\u00e1t \u00e9s\u00a0erej\u00e9t, ami hossz\u00fa t\u00e1von harmonikusabb \u00e9s\u00a0kiegyens\u00falyozottabb \u00e9letet eredm\u00e9nyez. K\u00edv\u00e1nom, hogy a\u00a0k\u00f6nyv, illetve jelen cikk gyakorlatai inspir\u00e1ci\u00f3ul szolg\u00e1ljanak.<\/p>\n<p style=\"text-align: justify;\">Hiszem \u00e9s\u00a0tapasztalom, hogy a\u00a0mindfulness gyakorl\u00e1sa egy\u00a0olyan aj\u00e1nd\u00e9k, amely nemcsak a\u00a0jelenben, hanem a\u00a0j\u00f6v\u0151ben is kifizet\u0151dik, hiszen egy\u00a0tudatosabb, boldogabb gener\u00e1ci\u00f3t nevelhet\u00fcnk fel, aki k\u00e9pes kezelni az\u00a0\u00e9let kih\u00edv\u00e1sait, \u00e9s\u00a0megtal\u00e1lni a\u00a0bels\u0151 b\u00e9k\u00e9j\u00e9t a\u00a0mindennapok forgatag\u00e1ban. \u00c9ppen ez\u00e9rt b\u00e1tor\u00edtok minden sz\u00fcl\u0151t \u00e9s\u00a0pedag\u00f3gust, hogy fedezze fel a\u00a0mindfulness vil\u00e1g\u00e1t, \u00e9s\u00a0tapasztalja meg a\u00a0gyakorlatok erej\u00e9t, hiszen ez\u00a0egy olyan utaz\u00e1s, amely nemcsak a\u00a0gyermekek, hanem a\u00a0feln\u0151ttek sz\u00e1m\u00e1ra is el\u00e9rhet\u0151 \u00e9s\u00a0\u00e1talak\u00edt\u00f3 \u00e9lm\u00e9ny lehet.<\/p>\n<p><span style=\"color: #ffffff;\">\u00a0<\/span><\/p>\n<div><a style=\"text-decoration: none; font-weight: bold !important;\" href=\"\/folyoirat\/xxxii_05-06\"><span style=\"color: black;\">Vissza a\u00a0tartalomjegyz\u00e9kre<\/span><\/a><\/div>\n","protected":false},"excerpt":{"rendered":"<p>2025.\u00a0janu\u00e1r\u2013febru\u00e1r, XXXII. \u00e9vfolyam, 5\u20136.\u00a0sz\u00e1m, ISSN 2729-9066 A cikk let\u00f6lt\u00e9se PDF form\u00e1tumban \u00a0 Mell\u00e1r Mezei Anita Mindfulness \u00e9s\u00a0k\u00fcl\u00f6nleges gyerekek\u00a0\u2013\u00a0a\u00a0tudatos jelenl\u00e9t erej\u00e9vel a\u00a0saj\u00e1tos nevel\u00e9si ig\u00e9ny\u0171 gyermekek t\u00e1mogat\u00e1s\u00e1\u00e9rt \u00a0 A\u00a0mai vil\u00e1g felgyorsult \u00fctem\u00e9ben, ahol a\u00a0gyerekeket sz\u00e1mtalan inger \u00e9s\u00a0kih\u00edv\u00e1s \u00e9ri nap mint nap, a\u00a0saj\u00e1tos nevel\u00e9si ig\u00e9ny\u0171 gyermekek sz\u00e1m\u00e1ra a\u00a0stressz \u00e9s\u00a0a\u00a0szorong\u00e1s lek\u00fczd\u00e9se k\u00fcl\u00f6n\u00f6sen nagy kih\u00edv\u00e1st jelent. Sz\u00fcleik \u00e9s\u00a0pedag\u00f3gusaik gyakran k\u00fcl\u00f6nleges [&hellip;]<\/p>\n","protected":false},"author":2,"featured_media":0,"comment_status":"closed","ping_status":"open","sticky":false,"template":"","format":"standard","meta":{"_acf_changed":false,"_lmt_disableupdate":"no","_lmt_disable":"","footnotes":""},"categories":[1],"tags":[],"class_list":["post-10753","post","type-post","status-publish","format-standard","hentry","category-egyeb"],"acf":[],"modified_by":"decsiz","_links":{"self":[{"href":"https:\/\/katedra.sk\/folyoirat\/wp-json\/wp\/v2\/posts\/10753","targetHints":{"allow":["GET"]}}],"collection":[{"href":"https:\/\/katedra.sk\/folyoirat\/wp-json\/wp\/v2\/posts"}],"about":[{"href":"https:\/\/katedra.sk\/folyoirat\/wp-json\/wp\/v2\/types\/post"}],"author":[{"embeddable":true,"href":"https:\/\/katedra.sk\/folyoirat\/wp-json\/wp\/v2\/users\/2"}],"replies":[{"embeddable":true,"href":"https:\/\/katedra.sk\/folyoirat\/wp-json\/wp\/v2\/comments?post=10753"}],"version-history":[{"count":6,"href":"https:\/\/katedra.sk\/folyoirat\/wp-json\/wp\/v2\/posts\/10753\/revisions"}],"predecessor-version":[{"id":11264,"href":"https:\/\/katedra.sk\/folyoirat\/wp-json\/wp\/v2\/posts\/10753\/revisions\/11264"}],"wp:attachment":[{"href":"https:\/\/katedra.sk\/folyoirat\/wp-json\/wp\/v2\/media?parent=10753"}],"wp:term":[{"taxonomy":"category","embeddable":true,"href":"https:\/\/katedra.sk\/folyoirat\/wp-json\/wp\/v2\/categories?post=10753"},{"taxonomy":"post_tag","embeddable":true,"href":"https:\/\/katedra.sk\/folyoirat\/wp-json\/wp\/v2\/tags?post=10753"}],"curies":[{"name":"wp","href":"https:\/\/api.w.org\/{rel}","templated":true}]}}