{"id":28014,"date":"2025-08-26T11:39:13","date_gmt":"2025-08-26T09:39:13","guid":{"rendered":"https:\/\/katedra.sk\/folyoirat\/?p=28014"},"modified":"2025-12-03T09:20:17","modified_gmt":"2025-12-03T08:20:17","slug":"xxxiii_01-02_18","status":"publish","type":"post","link":"https:\/\/katedra.sk\/folyoirat\/xxxiii_01-02_18\/","title":{"rendered":"Stirber Lajos: T\u0171n\u0151d\u00e9seim a XIX. Cseng\u0151 \u00c9neksz\u00f3 kapcs\u00e1n"},"content":{"rendered":"<p style=\"position: sticky; top: 0; padding: 5px; text-align: center; background-color: #23ffd3;\"><strong>2025. szeptember\u2013okt\u00f3ber, XXXIII. \u00e9vfolyam, 1\u20132. sz\u00e1m, ISSN 2729-9066<\/strong><\/p>\n<p style=\"text-align: right;\"><a href=\"\/folyoirat\/wp-content\/uploads\/2025\/08\/xxxiii_01-02_18.pdf\">A\u00a0cikk let\u00f6lt\u00e9se PDF form\u00e1tumban<\/a><\/p>\n<p><span style=\"color: #ffffff;\">\u00a0<\/span><\/p>\n<p><span style=\"font-size: 1.5em;\">Stirber Lajos<\/span><\/p>\n<p><strong><span style=\"font-size: 2em; color: #1abc9c;\">T\u0171n\u0151d\u00e9seim a\u00a0XIX.\u00a0Cseng\u0151 \u00c9neksz\u00f3 kapcs\u00e1n<\/span><\/strong><\/p>\n<p><span style=\"font-size: 2em;\"><strong>\u00a0<\/strong><\/span><\/p>\n<p style=\"text-align: justify;\">\u201eA zene t\u00e1pl\u00e1l\u00f3, vigasztal\u00f3 elix\u00edr, \u00e9s\u00a0az\u00a0\u00e9let sz\u00e9ps\u00e9g\u00e9t, s\u00a0ami benne \u00e9rt\u00e9k, azt mind meghatv\u00e1nyozza.\u201d (Kod\u00e1ly Zolt\u00e1n)<\/p>\n<p>Az\u00a0iskol\u00e1ink tev\u00e9kenys\u00e9ge ir\u00e1nt is \u00e9rdekl\u0151d\u0151 t. olvas\u00f3\u00a0\u2013\u00a0egy-k\u00e9t h\u00edrk\u00f6zl\u00e9si eszk\u00f6znek k\u00f6sz\u00f6nhet\u0151en\u00a0\u2013\u00a0m\u00e1r \u00e9rtes\u00fclhetett az\u00a0\u00c9rsek\u00fajv\u00e1rban (j\u00fanius 5-6.) \u00fajfent megval\u00f3sult rendezv\u00e9nyr\u0151l, a\u00a0Cseng\u0151 \u00c9neksz\u00f3r\u00f3l\u00a0\u2013\u00a0a\u00a0szlov\u00e1kiai magyar gyermek- \u00e9s\u00a0ifj\u00fas\u00e1gi \u00e9nekkarok orsz\u00e1gos seregszeml\u00e9j\u00e9r\u0151l, amely egyben a\u00a0k\u00f3rusok min\u0151s\u00edt\u0151 versenye is. A\u00a0seregszemle meghirdet\u0151je (h\u00e1rom \u00e9venk\u00e9nt) a\u00a0Szlov\u00e1kiai Magyar T\u00e1rsadalmi \u00e9s\u00a0K\u00f6zm\u0171vel\u0151d\u00e9si Sz\u00f6vets\u00e9g\u00a0\u2013\u00a0Csemadok Orsz\u00e1gos Tan\u00e1csa, megszervez\u0151je a\u00a0Szlov\u00e1kiai Magyar Zenebar\u00e1tok T\u00e1rsas\u00e1ga, kar\u00f6ltve a\u00a0Csemadok \u00c9rsek\u00fajv\u00e1ri Ter\u00fcleti V\u00e1lasztm\u00e1ny\u00e1val, a\u00a0Csemadok \u00c9rsek\u00fajv\u00e1ri Alapszervezet\u00e9vel, a\u00a0Szlov\u00e1kiai Magyar M\u0171vel\u0151d\u00e9si Int\u00e9zettel (Dunaszerdahely), \u00c9rsek\u00fajv\u00e1r v\u00e1rosa t\u00e1mogat\u00e1s\u00e1val.<\/p>\n<p style=\"text-align: justify;\">J\u00f3magam 40\u00a0\u00e9ven \u00e1t volt munkahelyem\u00a0\u2013\u00a0az\u00a0egykori kom\u00e1romi II. lak\u00f3telepi, majd B\u00e9ke Utcai, jelenleg J\u00f3kai M\u00f3r Alapiskola\u00a0\u2013\u00a0gyermekkar\u00e1val versenyz\u0151k\u00e9nt vettem r\u00e9szt, nyugd\u00edjba vonul\u00e1som \u00f3ta pedig szervez\u0151k\u00e9nt veszek r\u00e9szt a\u00a0seregszeml\u00e9n; jelen voltam a\u00a0seregszemle eleddigi \u00f6sszes, 19\u00a0\u00e9vfolyam\u00e1n. Hiszen sz\u00e1momra szebb l\u00e1tv\u00e1ny, mint az\u00a0\u00e1tszellem\u00fclt \u00e9nekl\u0151 gyermekarc, nagyobb zenei \u00e9lm\u00e9ny, mint a\u00a0tiszt\u00e1n cseng\u0151 gyermekhang, nincs.&lt;\/1p&gt;<\/p>\n<p style=\"text-align: justify;\">Engem m\u00e1r az\u00a0is nagy \u00f6r\u00f6mmel t\u00f6lt\u00f6tt el, hogy az\u00a0idei\u00a0\u2013\u00a0a\u00a019.\u00a0seregszeml\u00e9re 19\u00a0\u00e9nekkar (16\u00a0gyermek- \u00e9s\u00a0h\u00e1rom ifj\u00fas\u00e1gi k\u00f3rus) nevezett be. Teljes\u00edtm\u00e9nyeiket l\u00e1tva-hallva \u00f6r\u00f6m\u00f6m csak fokoz\u00f3dott. De \u00f6r\u00f6m volt tal\u00e1lkozni a\u00a0minden dics\u00e9retet meg\u00e9rdeml\u0151, a\u00a0k\u00f3rusokat felk\u00e9sz\u00edt\u0151kkel is, az\u00a0\u201e\u00fcgy\u00e9rt\u201d elk\u00f6telezett karnagyokkal\u00a0\u2013\u00a0pedag\u00f3gus koll\u00e9g\u00e1kkal, s\u00a0csak\u00fagy az\u00a0\u00e9rt\u00e9kel\u0151 bizotts\u00e1gba visszaj\u00e1r\u00f3 hazai \u00e9s\u00a0magyarorsz\u00e1gi jeles szakemberekkel is. Ugyancsak a\u00a0dics\u00e9ret hangj\u00e1n sz\u00f3lhatok a\u00a0rendezv\u00e9ny f\u0151szervez\u0151i: Kaz\u00e1n J\u00f3zsef \u00e9s\u00a0Danczi J\u00f3zsef \u00e1ltal ir\u00e1ny\u00edtott szervez\u0151 csapatr\u00f3l is, hiszen az\u00a0esem\u00e9ny mindk\u00e9t napj\u00e1n minden percre pontosan, g\u00f6rd\u00fcl\u00e9kenyen m\u0171k\u00f6d\u00f6tt. Bizony\u00e1ra az\u00a0is k\u00f6zre j\u00e1tszhat, hogy a\u00a0seregszemle minden egyes r\u00e9sztvev\u0151je tapasztalhatja a\u00a0seregszemle f\u0151v\u00e9dn\u00f6ke, \u00c9rsek\u00fajv\u00e1r polg\u00e1rmestere, Klein Ottok\u00e1r \u00e1ltal megfogalmazottakat, miszerint: \u201eA Cseng\u0151 \u00c9neksz\u00f3 nem csup\u00e1n egy\u00a0tal\u00e1lkoz\u00f3, hanem \u00e9l\u0151 bizony\u00edt\u00e9ka annak, hogy a\u00a0zene k\u00e9pes hidakat \u00e9p\u00edteni, k\u00f6z\u00f6ss\u00e9get teremteni \u00e9s\u00a0\u00e9rt\u00e9keket k\u00f6zvet\u00edteni\u00a0\u2013\u00a0m\u00e1r gyermekkorban is. A\u00a0gyermek- \u00e9s\u00a0ifj\u00fas\u00e1gi k\u00f3rusok \u00e9neke nemcsak sz\u00e9p, hanem rem\u00e9nyteli\u00a0\u2013\u00a0hiszen minden egyes megsz\u00f3lal\u00f3 hang azt hirdeti: van j\u00f6v\u0151je a\u00a0k\u00f6z\u00f6ss\u00e9gnek, van j\u00f6v\u0151je az\u00a0anyanyelvi kult\u00far\u00e1nak.\u201d<\/p>\n<p style=\"text-align: justify;\">Tov\u00e1bbi nagy \u00f6r\u00f6m volt sz\u00e1momra, hogy a\u00a0k\u00f3rusok r\u00e9szt vehettek a\u00a0Nyitrai Konstantin Filoz\u00f3fus Egyetem Magyar K\u00f3rus\u00e1nak m\u0171v\u00e9szeti vezet\u0151je, karnagya, J\u00f3zsa M\u00f3nika \u00e1ltal kiv\u00e1l\u00f3an \u00f6ssze\u00e1ll\u00edtott \u00e9s\u00a0el\u0151adott m\u0171sor\u00e1n, nevel\u0151 jelleg\u0171 hangverseny\u00e9n. A\u00a0k\u00f3russal k\u00e9sz\u00fclt interj\u00faban az\u00a0ifjak kedves, \u0151szinte nyilatkozatait felid\u00e9zve most is Pet\u0151fink csod\u00e1latosan sz\u00e9p sorai tolakszanak a\u00a0nyelvemre: nagy (lett) \u201eaz \u00e9n sz\u00edvemnek \u0151 gy\u00f6ny\u00f6r\u0171s\u00e9ge\u201d.<\/p>\n<p style=\"text-align: justify;\"><strong>Bakus Zs\u00f3fia k\u00f3rustag: <\/strong>\u201eTan\u00e1r szakos hallgat\u00f3k\u00e9nt k\u00fcl\u00f6n\u00f6s \u00f6r\u00f6mmel t\u00f6lt el, hogy ez\u00a0a\u00a0sok fiatal \u00e9rt\u00e9kelni tudta a\u00a0k\u00f3rusmuzsika var\u00e1zs\u00e1t, \u00e9s\u00a0egy\u00fctt \u00e9lhett\u00fck ezt \u00e1t a\u00a0Cseng\u0151 \u00c9neksz\u00f3nak k\u00f6sz\u00f6nhet\u0151en.\u201d <strong>A\u00a0szint\u00e9n k\u00f3rustag, Cs\u00e1ky M\u00e1t\u00e9: <\/strong>\u201eJ\u00f3 volt l\u00e1tni a\u00a0csillog\u00f3 szem\u0171 gyermekeket, akik figyelmesen bekapcsol\u00f3dtak az\u00a0interakt\u00edv m\u0171sorunkba.\u201d <strong>\u00a0Dobos Csenge k\u00f3rustag, <\/strong>az egyik m\u0171sorvezet\u0151: \u201eGondolatok ezrei cik\u00e1ztak a\u00a0fejemben: vajon tetszeni fognak nekik a\u00a0k\u00e9rd\u00e9sek? Bevallom, az\u00a0eddig bennem tornyosul\u00f3 k\u00e9ts\u00e9gek egy\u00a0csap\u00e1sra elsz\u00e1lltak, amikor megl\u00e1ttam a\u00a0r\u00e1m tekint\u0151 gyermekszemeket. S\u0151t, olyan lelkesek \u00e9s\u00a0buzg\u00f3k voltak, hogy komoly kih\u00edv\u00e1st jelentett kiv\u00e1lasztani, ki kapjon sz\u00f3t a\u00a0sok jelentkez\u0151 k\u00f6z\u00fcl. \u00dagy \u00e9rzem, a\u00a0befektetett energia marad\u00e9ktalanul megt\u00e9r\u00fclt.\u201d \u201eK\u00f6sz\u00f6nj\u00fck a\u00a0megtisztel\u0151 megh\u00edv\u00e1st, a\u00a0lelkes k\u00f6z\u00f6ns\u00e9gnek a\u00a0t\u00e1mogat\u00e1st, a\u00a0sok tapsot, a\u00a0nyitrai hallgat\u00f3k maroknyi csapat\u00e1nak a\u00a0kitart\u00e1st, a\u00a0felk\u00e9sz\u00fcl\u00e9sre ford\u00edtott id\u0151t, energi\u00e1t, a\u00a0sz\u00e9p \u00e9nekl\u00e9st\u201d\u00a0\u2013\u00a0z\u00e1rta a\u00a0besz\u00e9lget\u00e9st J\u00f3zsa M\u00f3nika.<\/p>\n<p style=\"text-align: justify;\">A\u00a0l\u00e1tottak-hallottak alapj\u00e1n szent\u00fcl hiszem: mind a\u00a0szervez\u0151k, mind a\u00a0r\u00e9sztvev\u0151 nev\u00e9ben \u00edrhatom: Kedves J\u00f3zsa M\u00f3nika \u00e9s\u00a0kiv\u00e1l\u00f3 csapata, k\u00f6sz\u00f6nj\u00fck, hogy\u00a0\u2013\u00a0a\u00a0felk\u00e9sz\u00fcl\u00e9s sor\u00e1n felmer\u00fcl\u0151 gondok ellen\u00e9re is\u00a0\u2013\u00a0elfogadt\u00e1tok a\u00a0megh\u00edv\u00e1st, k\u00f6sz\u00f6nj\u00fck, hogy l\u00e9lekben er\u0151s\u00edthett\u00fck egym\u00e1st.<\/p>\n<div><span style=\"color: #ffffff;\">\u00a0<\/span><\/div>\n<div style=\"text-align: center;\"><img decoding=\"async\" src=\"\/folyoirat\/wp-content\/uploads\/2025\/08\/xxxiii_01-02_18_01.jpg\" \/><br \/>\n<span style=\"color: #ffffff; font-size: 0.5em !important;\">\u00a0<\/span><br \/>\n<span style=\"font-size: 0.9em;\"><em>Forr\u00e1s: A\u00a0szerz\u0151k arch\u00edvuma<\/em><\/span><br \/>\n<span style=\"color: #ffffff;\">\u00a0<\/span><\/div>\n<p style=\"text-align: justify;\">Sajnos, \u00fagy t\u0171nik, igaz a\u00a0sz\u00f3l\u00e1s, miszerint: nincsen \u00f6r\u00f6m \u00fcr\u00f6m n\u00e9lk\u00fcl. M\u00e1r a\u00a0seregszeml\u00e9t j\u00f3val megel\u0151z\u0151en kitud\u00f3dott, hogy jelenleg sem a\u00a0nyitrai, sem a\u00a0kom\u00e1romi egyetem nem k\u00e9pez magyar zeneszakos pedag\u00f3gusokat. Ennek ismeret\u00e9ben \u00e9s\u00a0a\u00a0sok lelkes, boldog gyermek l\u00e1tt\u00e1n vegy\u00fclt \u00f6r\u00f6meim k\u00f6z\u00e9 az\u00a0\u00fcr\u00f6m. J\u00f3magam\u00a0\u2013\u00a0mindm\u00e1ig a\u00a0kom\u00e1romi J\u00f3kai M\u00f3r AI 23\u00a0\u00e9ve m\u0171k\u00f6d\u0151 GAUDIUM vegyes kara \u00e9s\u00a0hangszeres kamaraegy\u00fcttes\u00e9nek karnagya \u2013, \u00edgy, 60\u00a0\u00e9ve a\u00a0p\u00e1ly\u00e1n, \u201enagyjainknak\u201d mindm\u00e1ig sokkal jobban hiszek, mint a\u00a0mai iskolareformerek vil\u00e1gh\u00e1l\u00f3n k\u00f6z\u00f6lt (2024.\u00a0j\u00fal. 22-e m7\/TASR) felm\u00e9r\u00e9s-eredm\u00e9nyeinek, miszerint: \u201eAz emberek k\u00e9tharmada szerint a\u00a0term\u00e9szettudom\u00e1nyos tant\u00e1rgyaknak priorit\u00e1st kell \u00e9lvezni\u00fck a\u00a0k\u00f6z\u00e9piskol\u00e1kban. A\u00a0felm\u00e9r\u00e9sben r\u00e9szt vev\u0151k 65,6\u00a0sz\u00e1zal\u00e9ka \u00fagy v\u00e9li, hogy a\u00a0term\u00e9szettudom\u00e1nyos tant\u00e1rgyak oktat\u00e1sa k\u00f6nnyebb elhelyezked\u00e9shez vezet a\u00a0munkapiacon.\u201d Igaz\u00e1n?!<\/p>\n<p style=\"text-align: justify;\">A\u00a0fentiekkel ellent\u00e9tben \u00e9n ink\u00e1bb P\u00e9csi G\u00e9z\u00e1nak \u00e9s\u00a0l\u00e1ny\u00e1nak, Uzsalyn\u00e9 dr. P\u00e9csi Rit\u00e1nak\u00a0\u2013\u00a0<em>A\u00a0kulcs a\u00a0muzsik\u00e1hoz<\/em> c. tank\u00f6nyvcsal\u00e1d szerz\u0151p\u00e1ros\u00e1nak \u00e1ll\u00edt\u00e1sait hiszem el, azok\u00e9t, akik \u00e9veken \u00e1t tart\u00f3 alkot\u00f3munk\u00e1juk sor\u00e1n arra kerest\u00e9k a\u00a0v\u00e1laszt: mivel alapozhat\u00f3 meg a\u00a0sikeres \u00e9let\u00fat? (\u2026) \u201eA v\u00e9gleges megold\u00e1st nem a\u00a0tud\u00e1s halmoz\u00e1sa\u00a0\u2013\u00a0de nem is annak mell\u0151z\u00e9se! \u2013, sokkal ink\u00e1bb az\u00a0\u00e9rzelmi intelligencia fejleszt\u00e9s\u00e9hez kapcsolt naprak\u00e9sz mobiliz\u00e1lhat\u00f3 tud\u00e1s teremtheti meg. Ennek egyik fontos eszk\u00f6ze a\u00a0m\u0171v\u00e9szeti nevel\u00e9s, kiemelten a\u00a0zene.\u201d Uzsalyn\u00e9 dr. P\u00e9csi Rita minden bet\u0171j\u00e9t elhiszem!<\/p>\n<p style=\"text-align: justify;\">Jelen teljes\u00edtm\u00e9nyk\u00f6zpont\u00fa, technokrata szellem\u0171 iskolarendszer\u00fcnkben a\u00a0zen\u00e9re \u00e9s\u00a0zen\u00e9vel nevel\u00e9s helyzete szerintem a\u00a0legtal\u00e1l\u00f3bban csak Kod\u00e1ly Zolt\u00e1n\u00a0\u2013\u00a01929-ben \u00edrott <em>Gyermekkarok<\/em> c. dolgozat\u00e1ban olvashat\u00f3\u00a0\u2013\u00a0meg\u00e1llap\u00edt\u00e1saival jellemezhet\u0151, id\u00e9zem: \u201eHa belen\u00e9z\u00fcnk a\u00a0tantervekbe, l\u00e1tjuk: alkot\u00f3ik messze j\u00e1rtak a\u00a0nevel\u00e9s g\u00f6r\u00f6g eszm\u00e9ny\u00e9t\u0151l, amely a\u00a0zen\u00e9nek k\u00f6zponti helyet juttatott. (\u2026) Az \u00edgy nevelt gyermek azt\u00e1n eg\u00e9sz \u00e9let\u00e9ben alig tal\u00e1lkozik a\u00a0zen\u00e9vel mint m\u0171v\u00e9szettel. (\u2026) A nemesebb zen\u00e9r\u0151l azt tudja: az\u00a0valami fejt\u00f6r\u0151 penzum, \u00e9s\u00a0\u2013 botf\u00fcl\u0171 vagyok\u00a0\u2013\u00a0ki\u00e1lt\u00e1ssal messze fut el\u0151le. Innen van, hogy m\u00e9g nagyobb m\u0171velts\u00e9g\u0171 k\u00f6r\u00f6kben is gyakran k\u00ednosan ki\u00fctk\u00f6zik a\u00a0zenei t\u00e1j\u00e9kozatlans\u00e1g. Fejlett irodalmi, k\u00e9pz\u0151m\u0171v\u00e9szeti m\u0171velts\u00e9ggel zenei infantilizmus j\u00e1r egy\u00fctt.\u201d<\/p>\n<p style=\"text-align: justify;\">A\u00a0tov\u00e1bbiakban: megsz\u00edvlel\u00e9sre n\u00e9h\u00e1ny \u00fczenet \u201enagyjainkt\u00f3l\u201d. Kod\u00e1ly Zolt\u00e1n: \u201eLehet, vannak, akik m\u0171v\u00e9szet n\u00e9lk\u00fcl is boldogok. Ignoti nulla cupido. Ne irigyelj\u00fck \u0151ket. Igyekezz\u00fcnk a\u00a0benn\u00f6k elsorvadt nemes szervet a\u00a0fiatals\u00e1g t\u00f6megeiben kifejleszteni.\u201d Ism\u00e9t Kod\u00e1ly Zolt\u00e1n: \u201eNem az\u00a0ersz\u00e9ny, a\u00a0l\u00e9lek \u00fcress\u00e9ge a\u00a0nagyobb baj.\u201d A haza b\u00f6lcse, De\u00e1k Ferenc pedig ezt mondja: \u201eAmit hatalom ront meg, az\u00a0ism\u00e9t fel\u00e9ledhet, de amit a\u00a0nemzet k\u00f6nnyelm\u0171s\u00e9ge \u00f6nk\u00e9nt odavet, vagy gy\u00e1vas\u00e1ga elhanyagol, azt visszaszerezni ritk\u00e1n lehet.\u201d<\/p>\n<div><span style=\"color: #ffffff;\">\u00a0<\/span><\/div>\n<p><a style=\"text-decoration: none; font-weight: bold !important;\" href=\"\/folyoirat\/xxxiii_01-02\"><span style=\"color: black;\">Vissza a\u00a0tartalomjegyz\u00e9kre<\/span><\/a><\/p>\n","protected":false},"excerpt":{"rendered":"<p>2025. szeptember\u2013okt\u00f3ber, XXXIII. \u00e9vfolyam, 1\u20132. sz\u00e1m, ISSN 2729-9066 A\u00a0cikk let\u00f6lt\u00e9se PDF form\u00e1tumban \u00a0 Stirber Lajos T\u0171n\u0151d\u00e9seim a\u00a0XIX.\u00a0Cseng\u0151 \u00c9neksz\u00f3 kapcs\u00e1n \u00a0 \u201eA zene t\u00e1pl\u00e1l\u00f3, vigasztal\u00f3 elix\u00edr, \u00e9s\u00a0az\u00a0\u00e9let sz\u00e9ps\u00e9g\u00e9t, s\u00a0ami benne \u00e9rt\u00e9k, azt mind meghatv\u00e1nyozza.\u201d (Kod\u00e1ly Zolt\u00e1n) Az\u00a0iskol\u00e1ink tev\u00e9kenys\u00e9ge ir\u00e1nt is \u00e9rdekl\u0151d\u0151 t. olvas\u00f3\u00a0\u2013\u00a0egy-k\u00e9t h\u00edrk\u00f6zl\u00e9si eszk\u00f6znek k\u00f6sz\u00f6nhet\u0151en\u00a0\u2013\u00a0m\u00e1r \u00e9rtes\u00fclhetett az\u00a0\u00c9rsek\u00fajv\u00e1rban (j\u00fanius 5-6.) \u00fajfent megval\u00f3sult rendezv\u00e9nyr\u0151l, a\u00a0Cseng\u0151 \u00c9neksz\u00f3r\u00f3l\u00a0\u2013\u00a0a\u00a0szlov\u00e1kiai magyar [&hellip;]<\/p>\n","protected":false},"author":2,"featured_media":0,"comment_status":"closed","ping_status":"open","sticky":false,"template":"","format":"standard","meta":{"_acf_changed":false,"_lmt_disableupdate":"no","_lmt_disable":"","footnotes":""},"categories":[1],"tags":[],"class_list":["post-28014","post","type-post","status-publish","format-standard","hentry","category-egyeb"],"acf":[],"modified_by":"decsiz","_links":{"self":[{"href":"https:\/\/katedra.sk\/folyoirat\/wp-json\/wp\/v2\/posts\/28014","targetHints":{"allow":["GET"]}}],"collection":[{"href":"https:\/\/katedra.sk\/folyoirat\/wp-json\/wp\/v2\/posts"}],"about":[{"href":"https:\/\/katedra.sk\/folyoirat\/wp-json\/wp\/v2\/types\/post"}],"author":[{"embeddable":true,"href":"https:\/\/katedra.sk\/folyoirat\/wp-json\/wp\/v2\/users\/2"}],"replies":[{"embeddable":true,"href":"https:\/\/katedra.sk\/folyoirat\/wp-json\/wp\/v2\/comments?post=28014"}],"version-history":[{"count":5,"href":"https:\/\/katedra.sk\/folyoirat\/wp-json\/wp\/v2\/posts\/28014\/revisions"}],"predecessor-version":[{"id":28386,"href":"https:\/\/katedra.sk\/folyoirat\/wp-json\/wp\/v2\/posts\/28014\/revisions\/28386"}],"wp:attachment":[{"href":"https:\/\/katedra.sk\/folyoirat\/wp-json\/wp\/v2\/media?parent=28014"}],"wp:term":[{"taxonomy":"category","embeddable":true,"href":"https:\/\/katedra.sk\/folyoirat\/wp-json\/wp\/v2\/categories?post=28014"},{"taxonomy":"post_tag","embeddable":true,"href":"https:\/\/katedra.sk\/folyoirat\/wp-json\/wp\/v2\/tags?post=28014"}],"curies":[{"name":"wp","href":"https:\/\/api.w.org\/{rel}","templated":true}]}}