{"id":28025,"date":"2025-08-26T13:23:33","date_gmt":"2025-08-26T11:23:33","guid":{"rendered":"https:\/\/katedra.sk\/folyoirat\/?p=28025"},"modified":"2025-12-03T09:20:09","modified_gmt":"2025-12-03T08:20:09","slug":"xxxiii_01-02_19","status":"publish","type":"post","link":"https:\/\/katedra.sk\/folyoirat\/xxxiii_01-02_19\/","title":{"rendered":"T\u00f3th M\u00f3nika: Ny\u00e1rasdi \u00e9s nagymegyeri gy\u0151zelemmel z\u00e1rult a Katedra Irodalomverseny d\u00f6nt\u0151je Nyitr\u00e1n"},"content":{"rendered":"<p style=\"position: sticky; top: 0; padding: 5px; text-align: center; background-color: #23ffd3;\"><strong>2025. szeptember\u2013okt\u00f3ber, XXXIII. \u00e9vfolyam, 1\u20132. sz\u00e1m, ISSN 2729-9066<\/strong><\/p>\n<p style=\"text-align: right;\"><a href=\"\/folyoirat\/wp-content\/uploads\/2025\/08\/xxxiii_01-02_19.pdf\">A\u00a0cikk let\u00f6lt\u00e9se PDF form\u00e1tumban<\/a><\/p>\n<p><span style=\"color: #ffffff;\">\u00a0<\/span><\/p>\n<p><span style=\"font-size: 1.5em;\">T\u00f3th M\u00f3nika<\/span><\/p>\n<p><strong><span style=\"font-size: 2em; color: #1abc9c;\">Ny\u00e1rasdi \u00e9s\u00a0nagymegyeri gy\u0151zelemmel z\u00e1rult a\u00a0Katedra Irodalomverseny d\u00f6nt\u0151je Nyitr\u00e1n<\/span><\/strong><\/p>\n<p><span style=\"font-size: 2em;\"><strong>\u00a0<\/strong><\/span><\/p>\n<p style=\"text-align: justify;\">A\u00a0Katedra Irodalomverseny 29.\u00a0\u00e9vfolyam\u00e1nak orsz\u00e1gos d\u00f6nt\u0151i az\u00a0el\u0151z\u0151 \u00e9vek hagyom\u00e1nyait k\u00f6vetve ez\u00fattal is k\u00e9t napra bontva, m\u00e1jus\u00a023-\u00e1n \u00e9s\u00a0j\u00fanius\u00a02-\u00e1n val\u00f3sultak meg. Mindk\u00e9t kateg\u00f3ria megm\u00e9rettet\u00e9s\u00e9re a\u00a0Nyitrai Konstantin Filoz\u00f3fus Egyetem K\u00f6z\u00e9p-eur\u00f3pai Tanulm\u00e1nyok Kara \u00e9s\u00a0Pedag\u00f3giai Kara tantermeiben ker\u00fclt sor, a\u00a0Katedra Polg\u00e1ri T\u00e1rsul\u00e1s szervez\u00e9s\u00e9ben.<\/p>\n<p style=\"text-align: justify;\">A\u00a0sort a\u00a02.\u00a0kateg\u00f3ri\u00e1t alkot\u00f3 8-9.\u00a0oszt\u00e1lyosok kezdt\u00e9k, akik M\u00e9sz\u00f6ly \u00c1gnes <em>Szabadl\u00e1bon<\/em> c\u00edm\u0171 reg\u00e9ny\u00e9b\u0151l k\u00e9sz\u00fcltek a\u00a0versenyre. Az\u00a05-7.\u00a0oszt\u00e1lyosok Kert\u00e9sz Erzsi<em> A h\u00f3g\u00f6mb fogs\u00e1g\u00e1ban<\/em> c\u00edm\u0171 reg\u00e9ny\u00e9t tanulm\u00e1nyozt\u00e1k \u00e1t. A\u00a0vet\u00e9lked\u0151 c\u00e9lja nem csup\u00e1n az\u00a0irodalmi tud\u00e1s m\u00e9r\u00e9se, hanem a\u00a0sz\u00f6veg\u00e9rt\u00e9s fejleszt\u00e9se, a\u00a0kreativit\u00e1s kibontakoztat\u00e1sa, a\u00a0csapatmunka \u00e9s\u00a0az\u00a0egy\u00fcttgondolkod\u00e1s er\u0151s\u00edt\u00e9se, valamint az\u00a0olvas\u00e1s \u00f6r\u00f6m\u00e9nek meg\u00e9l\u00e9se. A\u00a0feladatok sor\u00e1n a\u00a0di\u00e1kok j\u00e1t\u00e9kos \u00e9s\u00a0gondolkodtat\u00f3 form\u00e1ban mutathatt\u00e1k meg, mennyire ismerik M\u00e9sz\u00f6ly \u00c1gnes \u00e9s\u00a0Kert\u00e9sz Erzsi kort\u00e1rs \u00edr\u00f3n\u0151k alkot\u00e1sait. A\u00a0versenyz\u0151k tan\u00fabizonys\u00e1got tettek arr\u00f3l, milyen \u00e9rz\u00e9kenyen tudnak reflekt\u00e1lni egy-egy sz\u00f6vegre, \u00e9s\u00a0mennyire k\u00e9pesek egy\u00fcttm\u0171k\u00f6dve, egym\u00e1st seg\u00edtve dolgozni. A\u00a0gyerekek munk\u00e1j\u00e1t a\u00a0lelkesed\u00e9s, az\u00a0alapos felk\u00e9sz\u00fcl\u00e9s \u00e9s\u00a0az\u00a0\u00f6tletgazdag megold\u00e1sok tett\u00e9k igaz\u00e1n eml\u00e9kezetess\u00e9.<\/p>\n<p style=\"text-align: justify;\">A\u00a0 levelez\u0151s szakaszban \u00f6sszesen 119\u00a0csapat versengett egym\u00e1ssal, k\u00f6z\u00fcl\u00fck a\u00a0h\u00fasz-h\u00fasz legjobb teljes\u00edtm\u00e9nyt ny\u00fajt\u00f3 kapott megh\u00edv\u00e1st a\u00a0nyitrai d\u00f6nt\u0151kbe.<\/p>\n<div><span style=\"color: #ffffff;\">\u00a0<\/span><\/div>\n<div style=\"text-align: center;\"><img decoding=\"async\" src=\"\/folyoirat\/wp-content\/uploads\/2025\/08\/xxxiii_01-02_19_01.jpg\" \/><br \/>\n<span style=\"color: #ffffff; font-size: 0.5em !important;\">\u00a0<\/span><br \/>\n<span style=\"font-size: 0.9em;\"><em>A&amp;nbs;felk\u00e9sz\u00edt\u0151k \u00e9s a versenyz\u0151k<br \/>\nFot\u00f3: Tak\u00e1cs \u00c1gnes<\/em><\/span><br \/>\n<span style=\"color: #ffffff;\">\u00a0<\/span><\/div>\n<p style=\"text-align: justify;\">A\u00a0r\u00e9sztvev\u0151k a\u00a0k\u00f6vetkez\u0151 int\u00e9zm\u00e9nyekb\u0151l \u00e9rkeztek: Alapiskola Zsel\u00edz, M\u00f3ra Ferenc Alapiskola\u00a0\u2013\u00a0Ny\u00e9kv\u00e1rkony, Alapiskola Ny\u00e1rasd, Tompa Mih\u00e1ly Alapiskola, V\u00e1mb\u00e9ry \u00c1rmin Alapiskola, Sz\u00e9chenyi Istv\u00e1n Alapiskola, Nagymagyari Magyar Tannyelv\u0171 Alapiskola, Iskolak\u00f6zpont Dunamocs, Corvin M\u00e1ty\u00e1s Alapiskola\u00a0\u2013\u00a0Somorja, Juh\u00e1sz Gyula Alapiskola, Bart\u00f3k B\u00e9la Alapiskola, Corvin M\u00e1ty\u00e1s Alapiskola\u00a0\u2013\u00a0G\u00fata, J\u00f3zsef Attila Alapiskola \u00e9s\u00a0\u00d3voda, M\u00f3ricz Zsigmond Alapiskola \u00e9s\u00a0\u00d3voda, Alapiskola Marcelh\u00e1za, Czuczor Gergely Alapiskola, Szombathy Viktor Alapiskola, Feszty \u00c1rp\u00e1d Alapiskola, Gregorits Lip\u00f3t MTNY Alapiskola, Reform\u00e1tus Alapiskola\u00a0\u2013\u00a0Rimaszombat, Szab\u00f3 Gyula Alapiskola, Szenczi Moln\u00e1r Albert Alapiskola, Het\u00e9nyi J\u00e1nos Alapiskola \u00e9s\u00a0\u00d3voda, Alapiskola \u00e9s\u00a0\u00d3voda Pozsonyeperjes, Alapiskola Lakszak\u00e1llas, Munka Utcai Alapiskola, Mari\u00e1num Egyh\u00e1zi Iskolak\u00f6zpont, E\u00f6tv\u00f6s Utcai Alapiskola, Borsos Mih\u00e1ly Magyar Tan\u00edt\u00e1si Nyelv\u0171 Alapiskola.<\/p>\n<div><span style=\"color: #ffffff;\">\u00a0<\/span><\/div>\n<div style=\"text-align: center;\"><img decoding=\"async\" src=\"\/folyoirat\/wp-content\/uploads\/2025\/08\/xxxiii_01-02_19_02.jpg\" \/><br \/>\n<span style=\"color: #ffffff; font-size: 0.5em !important;\">\u00a0<\/span><br \/>\n<span style=\"font-size: 0.9em;\"><em>Feladatmegold\u00e1s k\u00f6zben<br \/>\nFot\u00f3: Tak\u00e1cs \u00c1gnes<\/em><\/span><br \/>\n<span style=\"color: #ffffff;\">\u00a0<\/span><\/div>\n<p style=\"text-align: justify;\">M\u00edg a&nbsp;versenyz\u0151k a&nbsp;feladatlapokat oldott\u00e1k meg, a&nbsp;Nyitrai Konstantin Filoz\u00f3fus Egyetem doktorandusza, Kov\u00e1cs Patr\u00edcia &#8222;\u00c9lm\u00e9nypedag\u00f3gia \u00e9s&nbsp;tank\u00f6nyv\u00edr\u00e1s&#8221; c\u00edmmel bemutatta a&nbsp;K\u00f6z\u00e9p-eur\u00f3pai Tanulm\u00e1nyok Kar\u00e1n \u00edr\u00f3d\u00f3, 4.&nbsp;oszt\u00e1lyosoknak sz\u00f3l\u00f3 munk\u00e1ltat\u00f3 tank\u00f6nyvet (amely egy&nbsp;KEGA-projekt r\u00e9v\u00e9n val\u00f3sul meg). Az\u00a0eredm\u00e9nyhirdet\u00e9s el\u0151tt rendhagy\u00f3 programmal gazdagodott mindk\u00e9t nap: a\u00a02.\u00a0kateg\u00f3ri\u00e1sok egy\u00a0\u00edr\u00f3\u2013olvas\u00f3 tal\u00e1lkoz\u00f3n vehettek r\u00e9szt, ahol megismerkedtek M\u00e9sz\u00f6ly \u00c1gnes \u00edr\u00f3n\u0151vel. A\u00a0szerz\u0151 k\u00f6zvetlens\u00e9ge, humora \u00e9s\u00a0empatikus szem\u00e9lyis\u00e9ge meghitt, szeretetteljes l\u00e9gk\u00f6rt teremtett, amelyben a\u00a0tanul\u00f3k b\u00e1tran k\u00e9rdezhettek, \u00e9s\u00a0betekint\u00e9st nyerhettek az\u00a0\u00edr\u00f3i munka kulissz\u00e1i m\u00f6g\u00e9 is.<\/p>\n<div><span style=\"color: #ffffff;\">\u00a0<\/span><\/div>\n<div style=\"text-align: center;\"><img decoding=\"async\" src=\"\/folyoirat\/wp-content\/uploads\/2025\/08\/xxxiii_01-02_19_03.jpg\" \/><br \/>\n<span style=\"color: #ffffff; font-size: 0.5em !important;\">\u00a0<\/span><br \/>\n<span style=\"font-size: 0.9em;\"><em>Dedik\u00e1l\u00e1s<br \/>\nFot\u00f3: Tak\u00e1cs \u00c1gnes<\/em><\/span><br \/>\n<span style=\"color: #ffffff;\">\u00a0<\/span><\/div>\n<p style=\"text-align: justify;\">Az\u00a01.\u00a0kateg\u00f3ri\u00e1sok pedig egy\u00a0fantasztikus zenei utaz\u00e1son vehettek r\u00e9szt h\u00e1rom nyitrai egyetemista k\u00f6zrem\u0171k\u00f6d\u00e9s\u00e9vel, Bakus Zs\u00f3fi\u00e1val, Cs\u00e1ky M\u00e1t\u00e9val \u00e9s\u00a0Mezei \u00c1d\u00e1mmal.<\/p>\n<div><span style=\"color: #ffffff;\">\u00a0<\/span><\/div>\n<div style=\"text-align: center;\"><img decoding=\"async\" src=\"\/folyoirat\/wp-content\/uploads\/2025\/08\/xxxiii_01-02_19_04.jpg\" \/><br \/>\n<span style=\"color: #ffffff; font-size: 0.5em !important;\">\u00a0<\/span><br \/>\n<span style=\"font-size: 0.9em;\"><em>Zen\u00e9s id\u0151utaz\u00e1s<br \/>\nFot\u00f3: Matu\u0161 D\u00f3ra<\/em><\/span><br \/>\n<span style=\"color: #ffffff;\">\u00a0<\/span><\/div>\n<p style=\"text-align: justify;\"><strong>A\u00a02025-\u00f6s d\u00f6nt\u0151 dobog\u00f3s csapatai a\u00a0k\u00f6vetkez\u0151k lettek:<\/strong><\/p>\n<div style=\"text-align: justify;\">\n<p><strong>Els\u0151 kateg\u00f3ria:<\/strong><\/p>\n<p style=\"text-align: justify;\"><strong> helyez\u00e9s: Kincskeres\u0151k<\/strong><br \/>\nCsapattagok: Bartalos No\u00e9mi, Kiss Zs\u00f3fia, Magyar Lilla<br \/>\nIskola: Alapiskola, Ny\u00e1rasd<br \/>\nFelk\u00e9sz\u00edt\u0151 pedag\u00f3gus: Presinszky Katona Ildik\u00f3<\/p>\n<p style=\"text-align: justify;\"><strong> helyez\u00e9s: Had\u00f3na<\/strong><br \/>\nCsapattagok: \u00c1brah\u00e1m Anna, Csonga D\u00f3ra, Stern Hanna<br \/>\nFelk\u00e9sz\u00edt\u0151 pedag\u00f3gus: Kiss \u00c9va<\/p>\n<p style=\"text-align: justify;\"><strong>Megosztott 3.\u00a0helyez\u00e9s:<br \/>\n<\/strong><strong>Robban\u00f3 kiscsib\u00e9k<\/strong><br \/>\nCsapattagok: Bajcsi Fanni, Balogh Orsolya, Vass Diana<br \/>\nIskola: Alapiskola, Lakszak\u00e1llas<br \/>\nFelk\u00e9sz\u00edt\u0151 pedag\u00f3gus: Bajcsi Szilvia<\/p>\n<p style=\"text-align: justify;\"><strong>Johnny kedvencei<\/strong><br \/>\nCsapattagok: M\u00e1t\u00e9 J\u00e1zmin, Radi\u010d Alexandra, Ple\u0161iv\u010d\u00e1k Gabriella<br \/>\nIskola: Szombathy Viktor Alapiskola, Feled<br \/>\nFelk\u00e9sz\u00edt\u0151 pedag\u00f3gus: Zagyi Bea<\/p>\n<\/div>\n<div><span style=\"color: #ffffff;\">\u00a0<\/span><\/div>\n<div style=\"text-align: center;\"><img decoding=\"async\" src=\"\/folyoirat\/wp-content\/uploads\/2025\/08\/xxxiii_01-02_19_05.jpg\" \/><br \/>\n<span style=\"color: #ffffff; font-size: 0.5em !important;\">\u00a0<\/span><br \/>\n<span style=\"font-size: 0.9em;\"><em>Az\u00a01.\u00a0kateg\u00f3ria gy\u0151ztes csapata \u00e9s felk\u00e9sz\u00edt\u0151j\u00fck<br \/>\nFot\u00f3: Tak\u00e1cs \u00c1gnes<\/em><\/span><br \/>\n<span style=\"color: #ffffff;\">\u00a0<\/span><\/div>\n<p><strong>M\u00e1sodik kateg\u00f3ria:<\/strong><\/p>\n<div style=\"background-color: #c5e0b3;\">\n<p><strong>1.\u00a0helyez\u00e9s: Gemini Stars<br \/>\n<\/strong>Tagok: Moln\u00e1r Izabella, Moln\u00e1r Marcell<br \/>\nIskola: Bart\u00f3k B\u00e9la Alapiskola, Nagymegyer<br \/>\nFelk\u00e9sz\u00edt\u0151: Moln\u00e1r \u00c9va<\/p>\n<p><strong>2.\u00a0helyez\u00e9s: V\u00e9rfarkasok<br \/>\n<\/strong>Tagok: Boh\u00e1k Enik\u0151, Matia\u0161ko Krist\u00f3f, Seregi Katalin<br \/>\nIskola: Nagymagyari Magyar Tannyelv\u0171 Alapiskola<br \/>\nFelk\u00e9sz\u00edt\u0151: Boh\u00e1k Csaba<\/p>\n<p style=\"text-align: justify;\"><strong>3.\u00a0helyez\u00e9s: Road Movie<br \/>\n<\/strong>Tagok: Farkas Krisztina, M\u00e1cs Arina S\u00e1ra, Moln\u00e1r Tam\u00e1s<br \/>\nIskola: Tompa Mih\u00e1ly Alapiskola, Rimaszombat<br \/>\nFelk\u00e9sz\u00edt\u0151: Luk\u00e1cs Veronika<\/p>\n<\/div>\n<div><span style=\"color: #ffffff;\">\u00a0<\/span><\/div>\n<div style=\"text-align: center;\"><img decoding=\"async\" src=\"\/folyoirat\/wp-content\/uploads\/2025\/08\/xxxiii_01-02_19_06.jpg\" \/><br \/>\n<span style=\"color: #ffffff; font-size: 0.5em !important;\">\u00a0<\/span><br \/>\n<span style=\"font-size: 0.9em;\"><em>A\u00a02.\u00a0kateg\u00f3ria gy\u0151ztes csapata \u00e9s felk\u00e9sz\u00edt\u0151j\u00fck<br \/>\nFot\u00f3: Tak\u00e1cs \u00c1gnes<\/em><\/span><br \/>\n<span style=\"color: #ffffff;\">\u00a0<\/span><\/div>\n<p style=\"text-align: justify;\">Ez\u00faton is sz\u00edvb\u0151l gratul\u00e1lunk minden d\u00f6nt\u0151be jutott csapatnak \u00e9s\u00a0pedag\u00f3gusnak a\u00a0lelkiismeretes munk\u00e1\u00e9rt, a\u00a0k\u00f6z\u00f6s olvas\u00e1s\u00e9lm\u00e9ny\u00e9\u00e9rt \u00e9s\u00a0a\u00a0p\u00e9ldamutat\u00f3 csapatszellem\u00e9rt. B\u00edzunk benne, hogy j\u00f6v\u0151re \u00fajra tal\u00e1lkozunk, s\u00a0egy\u00fctt \u00e9lhetj\u00fck \u00e1t az\u00a0olvas\u00e1s \u00f6r\u00f6m\u00e9t.<\/p>\n<div><span style=\"color: #ffffff;\">\u00a0<\/span><\/div>\n<div style=\"text-align: center;\"><img decoding=\"async\" src=\"\/folyoirat\/wp-content\/uploads\/2025\/08\/xxxiii_01-02_19_07.jpg\" \/><br \/>\n<span style=\"color: #ffffff; font-size: 0.5em !important;\">\u00a0<\/span><br \/>\n<span style=\"font-size: 0.9em;\"><em>Eredm\u00e9nyhirdet\u00e9s<br \/>\nFot\u00f3: Tak\u00e1cs \u00c1gnes<\/em><\/span><br \/>\n<span style=\"color: #ffffff;\">\u00a0<\/span><\/div>\n<p style=\"text-align: justify;\">K\u00f6sz\u00f6netet mondunk a\u00a0verseny t\u00e1mogat\u00f3inak, a\u00a0Szlov\u00e1k K\u00f6zt\u00e1rsas\u00e1g Oktat\u00e1si, Kutat\u00e1si, Fejleszt\u00e9si \u00e9s\u00a0Ifj\u00fas\u00e1gi Miniszt\u00e9rium\u00e1nak, a\u00a0R\u00e1k\u00f3czi Sz\u00f6vets\u00e9gnek, a\u00a0Womanpress Kiad\u00f3nak, a\u00a0Libri Kiad\u00f3nak, a\u00a0Pagony Kiad\u00f3nak, Kir\u00e1ly Anik\u00f3nak \u00e9s\u00a0a\u00a0Centr\u00e1l M\u00e9diacsoportnak. Az\u00a0\u00e9tkez\u00e9s biztos\u00edt\u00e1s\u00e1hoz a\u00a0Budi\u0161 \u00e1sv\u00e1nyv\u00edz \u00e9s\u00a0a\u00a0Minit j\u00e1rult hozz\u00e1.<\/p>\n<div><span style=\"color: #ffffff;\">\u00a0<\/span><\/div>\n<p><a style=\"text-decoration: none; font-weight: bold !important;\" href=\"\/folyoirat\/xxxiii_01-02\"><span style=\"color: black;\">Vissza a\u00a0tartalomjegyz\u00e9kre<\/span><\/a><\/p>\n","protected":false},"excerpt":{"rendered":"<p>2025. szeptember\u2013okt\u00f3ber, XXXIII. \u00e9vfolyam, 1\u20132. sz\u00e1m, ISSN 2729-9066 A\u00a0cikk let\u00f6lt\u00e9se PDF form\u00e1tumban \u00a0 T\u00f3th M\u00f3nika Ny\u00e1rasdi \u00e9s\u00a0nagymegyeri gy\u0151zelemmel z\u00e1rult a\u00a0Katedra Irodalomverseny d\u00f6nt\u0151je Nyitr\u00e1n \u00a0 A\u00a0Katedra Irodalomverseny 29.\u00a0\u00e9vfolyam\u00e1nak orsz\u00e1gos d\u00f6nt\u0151i az\u00a0el\u0151z\u0151 \u00e9vek hagyom\u00e1nyait k\u00f6vetve ez\u00fattal is k\u00e9t napra bontva, m\u00e1jus\u00a023-\u00e1n \u00e9s\u00a0j\u00fanius\u00a02-\u00e1n val\u00f3sultak meg. Mindk\u00e9t kateg\u00f3ria megm\u00e9rettet\u00e9s\u00e9re a\u00a0Nyitrai Konstantin Filoz\u00f3fus Egyetem K\u00f6z\u00e9p-eur\u00f3pai Tanulm\u00e1nyok Kara \u00e9s\u00a0Pedag\u00f3giai Kara tantermeiben [&hellip;]<\/p>\n","protected":false},"author":2,"featured_media":0,"comment_status":"closed","ping_status":"open","sticky":false,"template":"","format":"standard","meta":{"_acf_changed":false,"_lmt_disableupdate":"no","_lmt_disable":"","footnotes":""},"categories":[1],"tags":[],"class_list":["post-28025","post","type-post","status-publish","format-standard","hentry","category-egyeb"],"acf":[],"modified_by":"decsiz","_links":{"self":[{"href":"https:\/\/katedra.sk\/folyoirat\/wp-json\/wp\/v2\/posts\/28025","targetHints":{"allow":["GET"]}}],"collection":[{"href":"https:\/\/katedra.sk\/folyoirat\/wp-json\/wp\/v2\/posts"}],"about":[{"href":"https:\/\/katedra.sk\/folyoirat\/wp-json\/wp\/v2\/types\/post"}],"author":[{"embeddable":true,"href":"https:\/\/katedra.sk\/folyoirat\/wp-json\/wp\/v2\/users\/2"}],"replies":[{"embeddable":true,"href":"https:\/\/katedra.sk\/folyoirat\/wp-json\/wp\/v2\/comments?post=28025"}],"version-history":[{"count":7,"href":"https:\/\/katedra.sk\/folyoirat\/wp-json\/wp\/v2\/posts\/28025\/revisions"}],"predecessor-version":[{"id":28577,"href":"https:\/\/katedra.sk\/folyoirat\/wp-json\/wp\/v2\/posts\/28025\/revisions\/28577"}],"wp:attachment":[{"href":"https:\/\/katedra.sk\/folyoirat\/wp-json\/wp\/v2\/media?parent=28025"}],"wp:term":[{"taxonomy":"category","embeddable":true,"href":"https:\/\/katedra.sk\/folyoirat\/wp-json\/wp\/v2\/categories?post=28025"},{"taxonomy":"post_tag","embeddable":true,"href":"https:\/\/katedra.sk\/folyoirat\/wp-json\/wp\/v2\/tags?post=28025"}],"curies":[{"name":"wp","href":"https:\/\/api.w.org\/{rel}","templated":true}]}}