{"id":28105,"date":"2025-08-28T10:32:20","date_gmt":"2025-08-28T08:32:20","guid":{"rendered":"https:\/\/katedra.sk\/folyoirat\/?p=28105"},"modified":"2025-12-03T09:20:13","modified_gmt":"2025-12-03T08:20:13","slug":"xxxiii_01-02_24","status":"publish","type":"post","link":"https:\/\/katedra.sk\/folyoirat\/xxxiii_01-02_24\/","title":{"rendered":"Andrusk\u00f3 Imre: A 2024\/2025-\u00f6s tan\u00e9v a Selye J\u00e1nos Gimn\u00e1ziumban. Benc\u00e9s eml\u00e9k\u00e9v"},"content":{"rendered":"<p style=\"position: sticky; top: 0; padding: 5px; text-align: center; background-color: #23ffd3;\"><strong>2025. szeptember\u2013okt\u00f3ber, XXXIII. \u00e9vfolyam, 1\u20132. sz\u00e1m, ISSN 2729-9066<\/strong><\/p>\n<p style=\"text-align: right;\"><a href=\"\/folyoirat\/wp-content\/uploads\/2025\/08\/xxxiii_01-02_24.pdf\">A\u00a0cikk let\u00f6lt\u00e9se PDF form\u00e1tumban<\/a><\/p>\n<p><span style=\"color: #ffffff;\">\u00a0<\/span><\/p>\n<p><span style=\"font-size: 1.5em;\">Andrusk\u00f3 Imre<\/span><\/p>\n<p><strong><span style=\"font-size: 2em; color: #1abc9c;\">A\u00a02024\/2025-\u00f6s tan\u00e9v a\u00a0Selye J\u00e1nos Gimn\u00e1ziumban<br \/>\nBenc\u00e9s eml\u00e9k\u00e9v<\/span><\/strong><\/p>\n<p><span style=\"font-size: 2em;\"><strong>\u00a0<\/strong><\/span><\/p>\n<p style=\"text-align: justify;\">A\u00a0Selye J\u00e1nos Gimn\u00e1ziumnak az\u00a0elm\u00falt tan\u00e9vben is t\u00f6bb jelent\u0151s esem\u00e9ny gazdag\u00edtotta kr\u00f3nik\u00e1j\u00e1t. Jelenleg t\u00f6bb, jelent\u0151s anyagi vonzat\u00fa p\u00e1ly\u00e1zatban is \u00e9rintettek vagyunk, hiszen az\u00a0oktat\u00e1si miniszt\u00e9rium \u00e1ltal felk\u00edn\u00e1lt lehet\u0151s\u00e9get kihaszn\u00e1lva bekapcsol\u00f3dtunk a\u00a0DigiEdu programba, amelynek k\u00f6sz\u00f6nhet\u0151en t\u00f6bb 10\u00a0ezer eur\u00f3 \u00e9rt\u00e9kben kaptunk Microsoft licencet, \u00e9s\u00a0id\u00e9n \u0151sszel pedig t\u00f6bb 10\u00a0ezer eur\u00f3 \u00e9rt\u00e9kben sz\u00e1ll\u00edtanak hozz\u00e1nk sz\u00e1m\u00edt\u00e1stechnikai eszk\u00f6z\u00f6ket is. Sikeres volt a\u00a0Visegr\u00e1di Alaphoz beny\u00fajtott p\u00e1ly\u00e1zatunk is, ahol 10\u00a0ezer eur\u00f3t nyert Ekocsapatunk, 5\u00a0di\u00e1kunk \u00e9s\u00a0k\u00e9t tan\u00e1runk 2024\u00a0\u0151sz\u00e9n a\u00a0Debreceni Reform\u00e1tus Gimn\u00e1ziumot \u00e9s\u00a0a\u00a0lengyelorsz\u00e1gi Puck-beli l\u00edceumot l\u00e1togatt\u00e1k meg; novemberben pedig lengyelorsz\u00e1gi \u00e9s\u00a0magyarorsz\u00e1gi di\u00e1kokat l\u00e1ttak vend\u00e9g\u00fcl. A\u00a0budapesti sz\u00e9khely\u0171 Tigra Kft.-nek k\u00f6sz\u00f6nhet\u0151en \u00fajabb 10\u00a0ezer eur\u00f3 \u00e9rt\u00e9k\u0171 t\u00e1mogat\u00e1st kaptak a\u00a0matematik\u00e1ban, fizik\u00e1ban vagy informatik\u00e1ban jelesked\u0151 tanul\u00f3ink, \u00e9s\u00a0nagy \u00f6r\u00f6m\u00fcnkre szolg\u00e1l, hogy ez\u00a0a\u00a0program a\u00a0k\u00f6vetkez\u0151 tan\u00e9vben is folytat\u00f3dik majd: t\u00edz di\u00e1k fejenk\u00e9nt ezer eur\u00f3s \u00f6szt\u00f6nd\u00edjban r\u00e9szes\u00fcl. Magyar tannyelv\u0171 iskol\u00e1k r\u00e9sz\u00e9re ez\u00a0az\u00a0egyik legb\u0151kez\u0171bb t\u00e1mogat\u00e1si program.<\/p>\n<p style=\"text-align: justify;\">A\u00a0gimn\u00e1zium 1907-ben Herczegh Zsigmond \u00e9p\u00edt\u00e9sz tervei alapj\u00e1n emelt \u00e9p\u00fclete k\u00e9ts\u00e9gtelen\u00fcl mes\u00e9be ill\u0151. 2024\u00a0\u0151sz\u00e9n a\u00a0gimn\u00e1zium k\u00e9t nagy projekten dolgozott: kidolgoz\u00e1sra ker\u00fclt egy\u00a0\u00faj projektdokument\u00e1ci\u00f3 is, k\u00f6zel 250\u00a0ezer eur\u00f3 \u00e9rt\u00e9kben, melynek c\u00e9lja az\u00a0\u00e9p\u00fclet akad\u00e1lymentes\u00edt\u00e9se, t\u00f6bbek k\u00f6z\u00f6tt egy\u00a0lift ki\u00e9p\u00edt\u00e9se, \u00e9s\u00a0minden szintre egy-egy toalett elhelyez\u00e9se mozg\u00e1ss\u00e9r\u00fclt tanul\u00f3k \u00e9s\u00a0vend\u00e9gek sz\u00e1m\u00e1ra. A\u00a0projekt megval\u00f3sul\u00e1sa 2025\u00a0\u0151sz\u00e9n v\u00e1rhat\u00f3. Az\u00a0INTERREG p\u00e1ly\u00e1zatra is beny\u00fajt\u00e1sra ker\u00fcl majd a\u00a0gy\u0151ri Czuczor Gergely Benc\u00e9s Gimn\u00e1zium \u00e9s\u00a0Koll\u00e9gium seg\u00edts\u00e9g\u00e9vel egy\u00a0200\u00a0ezer eur\u00f3s projekt. A\u00a0ny\u00e1ri sz\u00fcnet alatt zajlott a\u00a0k\u00f6zel 100\u00a0\u00e9ves v\u00edzvezet\u00e9krendszer cser\u00e9je is.<\/p>\n<p style=\"text-align: justify;\">Neves vend\u00e9gek is megtisztelt\u00e9k iskol\u00e1nkat, \u00edgy Dr.\u00a0Maurovich-Horv\u00e1t P\u00e1l, a\u00a0Semmelweis Egyetem professzora, iskol\u00e1nk egykori di\u00e1kja; Szijj\u00e1rt\u00f3 P\u00e9ter, Magyarorsz\u00e1g k\u00fclgazdas\u00e1gi \u00e9s\u00a0k\u00fcl\u00fcgyminisztere, egykori gy\u0151ri benc\u00e9s di\u00e1k, Deutsch Tam\u00e1s \u00e9s\u00a0\u00d3dor Lajos, Eur\u00f3pai Uni\u00f3s parlamenti k\u00e9pvisel\u0151k; Eckler Luca t\u00f6bbsz\u00f6r\u00f6s paraolimpiai bajnok, Gazdag J\u00f3zsef, a\u00a0Vas\u00e1rnap egykori f\u0151szerkeszt\u0151je, Bark\u00f3 G\u00e1bor \u00c1goston, T\u00f3th Istv\u00e1n Konstantin \u00e9s\u00a0S\u00e1rai-Szab\u00f3 Kelemen benc\u00e9s aty\u00e1k, Keszegh B\u00e9la polg\u00e1rmester, Balogh Csaba, Magyarorsz\u00e1g szlov\u00e1kiai nagyk\u00f6vete, Szalay-Bobrovniczky Vince, civil kapcsolatok\u00e9rt felel\u0151s \u00e1llamtitk\u00e1r, Orosz \u00d6rs \u00e9s\u00a0N\u00e1szaly G\u00e1bor, a\u00a0Gombasz\u00f6gi T\u00e1bor f\u0151szervez\u0151i, akik sorsol\u00e1s alapj\u00e1n a\u00a0IV. A\u00a0oszt\u00e1lyunk di\u00e1kjainak ingyenes Gombasz\u00f6gi hetijegyet aj\u00e1nd\u00e9koztak, Dr.\u00a0Messik Mikl\u00f3s, a\u00a0Magyar Eml\u00e9kek\u00e9rt a\u00a0Vil\u00e1gban egyes\u00fclet eln\u00f6ke, valamint Csenger Tibor Nyitra megye aleln\u00f6ke, Viola Mikl\u00f3s \u00e9s\u00a0Becse Norbert megyei k\u00e9pvisel\u0151k, Dr.\u00a0Ip\u00f3th Szil\u00e1rd, ifj. Dr.\u00a0Both L\u00e1szl\u00f3, Dr.\u00a0Kiss Tam\u00e1s \u00e9s\u00a0Dr.\u00a0M\u00e1ty\u00e1s Istv\u00e1n, a\u00a0Szlov\u00e1k eg\u00e9szs\u00e9g\u00fcgyi Egyetem fiziol\u00f3giai int\u00e9zet\u00e9nek el\u00f6lj\u00e1r\u00f3ja, Sz\u0151cs D\u00e1vis \u00e9s\u00a0Dr.\u00a0Matus \u00c9va, a\u00a0Rem\u00e9nys\u00e9g nonprofit szervezet munkat\u00e1rsai.<\/p>\n<div><span style=\"color: #ffffff;\">\u00a0<\/span><\/div>\n<div style=\"text-align: center;\"><img decoding=\"async\" src=\"\/folyoirat\/wp-content\/uploads\/2025\/08\/xxxiii_01-02_24_01.jpg\" \/><br \/>\n<span style=\"color: #ffffff; font-size: 0.5em !important;\">\u00a0<\/span><br \/>\n<span style=\"font-size: 0.9em;\"><em>Forr\u00e1s: A\u00a0Selye J\u00e1nos Gimn\u00e1zium arch\u00edvuma<\/em><\/span><br \/>\n<span style=\"color: #ffffff;\">\u00a0<\/span><\/div>\n<p style=\"text-align: justify;\">A\u00a02024\/25-\u00f6s tan\u00e9v ism\u00e9t eml\u00e9k\u00e9v volt a\u00a0Selye J\u00e1nos Gimn\u00e1ziumban: gimn\u00e1ziumunk mindig is b\u00fcszke volt t\u00f6rt\u00e9net\u00e9re, az\u00a0el\u0151d\u00f6k eredm\u00e9nyeire \u00e9s\u00a0er\u0151fesz\u00edt\u00e9seire, melyet a\u00a0magyar kult\u00fara \u00e9rdek\u00e9ben fejtettek ki. A\u00a0gimn\u00e1zium igazgat\u00f3s\u00e1ga a\u00a0tavalyi Selye 100\u00a0eml\u00e9k\u00e9v ut\u00e1n meghirdette a\u00a0Benc\u00e9s eml\u00e9k\u00e9vet. Az\u00a0eml\u00e9k\u00e9v c\u00e9lja, hogy di\u00e1kjaink megismerkedjenek a\u00a0benc\u00e9s lelkis\u00e9ggel, s\u00a0alaposabb tud\u00e1sra tehessenek szert iskol\u00e1nk gazdag t\u00f6rt\u00e9nelmi m\u00faltj\u00e1r\u00f3l. Iskol\u00e1nk orsz\u00e1gos h\u00edrnev\u00e9t ugyanis a\u00a0benc\u00e9sek alapozt\u00e1k meg. A\u00a0t\u00f6rt\u00e9nelem viharainak kiszolg\u00e1ltatott int\u00e9zm\u00e9ny eg\u00e9szen 1945-ig helyt \u00e1llt \u00e9s\u00a0p\u00e9ldaad\u00f3 lend\u00fclettel szolg\u00e1lta a\u00a0magyar oktat\u00e1s \u00fcgy\u00e9t, m\u00edgnem 80\u00a0\u00e9vvel ezel\u0151tt, 1945.\u00a0j\u00fanius\u00a028-\u00e1n kapui bez\u00e1r\u00e1s\u00e1ra k\u00e9nyszer\u00fclt. A\u00a0tan\u00e1rokat sz\u00e9lnek eresztett\u00e9k. Az\u00a0embert pr\u00f3b\u00e1l\u00f3 id\u0151kben is nagyszer\u0171 teljes\u00edtm\u00e9nyek sz\u00fclettek mind a\u00a0tudom\u00e1nyok, mind a\u00a0m\u0171v\u00e9szetek ter\u00e9n. B\u00edr\u00f3 Luci\u00e1n, Borka G\u00e9za, Gidr\u00f3 Bonif\u00e1c, Horv\u00e1th C\u00e9z\u00e1r, Kocsis K\u00e1roly \u00e9s\u00a0Pataki Maurus nemcsak oktat\u00e1ssal \u00e9s\u00a0tudom\u00e1nyos munk\u00e1val foglalkoztak, hanem sz\u00e9les k\u00f6rben haszn\u00e1lt tank\u00f6nyveket \u00edrtak, B\u00edr\u00f3 Luci\u00e1n pedig <em>T\u00e1bort\u0171z<\/em> c\u00edmmel lapot is alap\u00edtott. Kevesen tudj\u00e1k, hogy 1925-ben, 100\u00a0\u00e9vvel ezel\u0151tt a\u00a0gimn\u00e1ziumban tan\u00edt\u00f3, rendk\u00edv\u00fcl m\u0171velt benc\u00e9s atya, Pataki Maurus szlov\u00e1kra ford\u00edtotta <em>A\u00a0P\u00e1l utcai fi\u00fak<\/em> c\u00edm\u0171 reg\u00e9nyt.<\/p>\n<p style=\"text-align: justify;\">2024.\u00a0okt\u00f3ber\u00a022-\u00e9n ker\u00fclt sor a\u00a0benc\u00e9s partnerint\u00e9zm\u00e9nyek napj\u00e1ra. A\u00a0Selye J\u00e1nos Gimn\u00e1zium m\u00e1r t\u00f6bb \u00e9ve m\u0171k\u00f6dik egy\u00fctt a\u00a0gy\u0151ri Czuczor Gergely Benc\u00e9s Gimn\u00e1ziummal \u00e9s\u00a0a\u00a0Tihanyi Benc\u00e9s Ap\u00e1ts\u00e1gi M\u00fazeummal: ezek az\u00a0int\u00e9zm\u00e9nyek jelent\u0151sen emelt\u00e9k a\u00a0benc\u00e9s eml\u00e9k\u00e9v f\u00e9ny\u00e9t. N\u00e9meth Vilmos, a\u00a0gimn\u00e1zium egykori igazgat\u00f3ja megrajzolta Magyarorsz\u00e1g hegy-, s\u00edk- \u00e9s\u00a0v\u00edzrajzi viszonyainak \u00e1tn\u00e9zeti t\u00e9rk\u00e9p\u00e9t, melyet 1881-ben iskolai seg\u00e9deszk\u00f6zk\u00e9nt \u00e1ltal\u00e1nos haszn\u00e1latba helyeztek. Ennek a\u00a0kiv\u00e9teles t\u00e9rk\u00e9pnek a\u00a0sokszoros\u00edtott v\u00e1ltozat\u00e1t a\u00a0benc\u00e9s \u00e9vben a\u00a0gimn\u00e1zium \u00fajra k\u00f6zkincs\u00e9 tette Orosz \u00d6rsnek, Nyitra Megye kultur\u00e1lis \u00e9s\u00a0turisztikai bizotts\u00e1ga eln\u00f6k\u00e9nek a\u00a0seg\u00edts\u00e9g\u00e9vel. Egy\u00a0konferencia erej\u00e9ig felid\u00e9zt\u00fck a\u00a0m\u00faltat: m\u00e1jus 7-\u00e9n h\u00e1rom iskola di\u00e1kjai mutatt\u00e1k be kutat\u00f3munk\u00e1ikat egy\u00a0szak\u00e9rt\u0151 zs\u0171ri el\u0151tt, amelynek tagjai Bark\u00f3 \u00c1goston benc\u00e9s atya, m\u00fazeumigazgat\u00f3, Dr.\u00a0D\u00e9nesi Tam\u00e1s lev\u00e9lt\u00e1r igazgat\u00f3, B\u00f6d\u0151k Gergely \u00e9s\u00a0Vanya P\u00e9ter t\u00f6rt\u00e9n\u00e9szek \u00e9s\u00a0PhDr.\u00a0De\u00e1k Ir\u00e9n t\u00f6rt\u00e9nelemtan\u00e1r voltak. A\u00a0szerepl\u0151 di\u00e1kok a\u00a0Selye J\u00e1nos Gimn\u00e1ziumon k\u00edv\u00fcl a\u00a0budapesti Szent Istv\u00e1n Gimn\u00e1ziumot \u00e9s\u00a0a\u00a0gy\u0151ri Czuczor Gergely Benc\u00e9s Gimn\u00e1ziumot k\u00e9pviselt\u00e9k.<\/p>\n<div><span style=\"color: #ffffff;\">\u00a0<\/span><\/div>\n<div style=\"text-align: center;\"><img decoding=\"async\" src=\"\/folyoirat\/wp-content\/uploads\/2025\/08\/xxxiii_01-02_24_02.jpg\" \/><br \/>\n<span style=\"color: #ffffff; font-size: 0.5em !important;\">\u00a0<\/span><br \/>\n<span style=\"font-size: 0.9em;\"><em>Forr\u00e1s: A\u00a0Selye J\u00e1nos Gimn\u00e1zium arch\u00edvuma<\/em><\/span><br \/>\n<span style=\"color: #ffffff;\">\u00a0<\/span><\/div>\n<p style=\"text-align: justify;\">A\u00a0k\u00f6vetkez\u0151 nagy rendezv\u00e9ny\u00fcnk: 2024\u00a0okt\u00f3ber\u00e9ben \u00fcnnepelte fenn\u00e1ll\u00e1s\u00e1nak 20\u00a0\u00e9vfordul\u00f3j\u00e1t a\u00a0Kom\u00e1romi Magyar Gimn\u00e1zium \u00d6regdi\u00e1kjainak \u00e9s\u00a0Tan\u00e1rainak Bar\u00e1ti K\u00f6re; egy\u00a0nagyszab\u00e1s\u00fa g\u00e1l\u00e1val eml\u00e9kezt\u00fcnk meg err\u0151l. A\u00a0m\u0171sorban fell\u00e9ptek az\u00a0egykori gimn\u00e1ziumi di\u00e1kok, akik ma Magyarorsz\u00e1gon \u00e9s\u00a0Szlov\u00e1ki\u00e1ban elismert m\u0171v\u00e9szek. Negyed\u00e9vente megjelenik a\u00a0Kom\u00e1romi \u00d6regdi\u00e1k c\u00edm\u0171 h\u00edrlev\u00e9l\u00a0\u2013\u00a0id\u00e9n j\u00faniusban m\u00e1r a\u00a083.\u00a0sz\u00e1m \u2013, amely h\u00edrt ad az\u00a0iskola m\u00faltj\u00e1r\u00f3l \u00e9s\u00a0jelen\u00e9r\u0151l is. Iskol\u00e1nk \u00f6regdi\u00e1k-sz\u00f6vets\u00e9ge \u00e9vente t\u00f6bb jeles rendezv\u00e9ny\u00fcnk t\u00e1rszervez\u0151je. Nagy \u00f6r\u00f6mmel fogadjuk a\u00a0j\u00faniusi nagytal\u00e1lkoz\u00f3n az\u00a050, 60, 65, 70, 75\u00a0\u00e9s\u00a080\u00a0\u00e9ve \u00e9retts\u00e9gizett egykori benc\u00e9s \u00e9s\u00a0k\u00e9s\u0151bbi gimn\u00e1ziumi \u00f6regdi\u00e1kokat, valamint az\u00a01951\u00a0\u00e9s\u00a01960\u00a0k\u00f6z\u00f6tt az\u00a0\u00e9p\u00fcletben m\u0171k\u00f6d\u00f6tt \u00f3v\u00f3n\u0151k\u00e9pz\u0151\u00a0\u2013\u00a0Pedag\u00f3giai K\u00f6z\u00e9piskola\u00a0\u2013\u00a0egykori n\u00f6vend\u00e9keit is. Id\u00e9n ism\u00e9t megtartottuk a\u00a0Gener\u00e1ci\u00f3k Nagytal\u00e1lkoz\u00f3j\u00e1t t\u00f6bb 100\u00a0fiatal \u00f6regdi\u00e1k r\u00e9szv\u00e9tel\u00e9vel.<\/p>\n<div><span style=\"color: #ffffff;\">\u00a0<\/span><\/div>\n<div style=\"text-align: center;\"><img decoding=\"async\" src=\"\/folyoirat\/wp-content\/uploads\/2025\/08\/xxxiii_01-02_24_03.jpg\" \/><br \/>\n<span style=\"color: #ffffff; font-size: 0.5em !important;\">\u00a0<\/span><br \/>\n<span style=\"font-size: 0.9em;\"><em>Forr\u00e1s: A\u00a0Selye J\u00e1nos Gimn\u00e1zium arch\u00edvuma<\/em><\/span><br \/>\n<span style=\"color: #ffffff;\">\u00a0<\/span><\/div>\n<p style=\"text-align: justify;\">Budapesti testv\u00e9riskol\u00e1nk, a\u00a0Szent Istv\u00e1n Gimn\u00e1zium megh\u00edv\u00e1s\u00e1ra \u0151sszel tan\u00e1ri karunk r\u00e9szt vett a\u00a0k\u00e9t\u00e9vente hagyom\u00e1nyosan megrendezett testv\u00e9riskolai tal\u00e1lkoz\u00f3n az\u00a0erd\u00e9lyi sz\u00e9kelyudvarhelyi Tam\u00e1si \u00c1ron Gimn\u00e1ziummal tan\u00e1ri kar\u00e1val k\u00f6z\u00f6sen. 2025.\u00a0j\u00fanius 4-\u00e9n, az\u00a0\u00d6sszetartoz\u00e1s Napj\u00e1n a\u00a0h\u00e1rom testv\u00e9riskola k\u00f3rustal\u00e1lkoz\u00f3ja zajlott Budapesten szint\u00e9n a\u00a0Szent Istv\u00e1n Gimn\u00e1zium szervez\u00e9s\u00e9ben. Id\u00e9n h\u00e1rom oszt\u00e1lyunk j\u00e1rt Erd\u00e9lyben \u00e9s\u00a0egy\u00a0erd\u00e9lyi oszt\u00e1lyt fogadtunk iskol\u00e1nkban.<\/p>\n<div><span style=\"color: #ffffff;\">\u00a0<\/span><\/div>\n<div style=\"text-align: center;\"><img decoding=\"async\" src=\"\/folyoirat\/wp-content\/uploads\/2025\/08\/xxxiii_01-02_24_04.jpg\" \/><br \/>\n<span style=\"color: #ffffff; font-size: 0.5em !important;\">\u00a0<\/span><br \/>\n<span style=\"font-size: 0.9em;\"><em>Forr\u00e1s: A\u00a0Selye J\u00e1nos Gimn\u00e1zium arch\u00edvuma<\/em><\/span><br \/>\n<span style=\"color: #ffffff;\">\u00a0<\/span><\/div>\n<p style=\"text-align: justify;\">Gimisz sz\u00ednpadunk id\u00e9n a\u00a0<em>Pom\u00e1d\u00e9<\/em> c\u00edm\u0171 musicalt mutatta be, valamint K\u00f6z\u00e9ps\u0151 Gimisz\u00fcnk is sikeresen szerepelt: <em>A\u00a0legyek ura<\/em> c\u00edm\u0171 el\u0151ad\u00e1s\u00e1t f\u0151d\u00edjjal jutalmazt\u00e1k a\u00a0j\u00faniusban zajlott J\u00f3kai napokon. Megalakult a\u00a0Divas Experience t\u00e1nccsapatunk is, amely sikeresen mutatkozott be t\u00f6bb szlov\u00e1kiai \u00e9s\u00a0magyarorsz\u00e1gi versenyen.<\/p>\n<p style=\"text-align: justify;\">Febru\u00e1rban a\u00a0Magyar Eml\u00e9kek\u00e9rt a\u00a0Vil\u00e1gban egyes\u00fclet szervez\u00e9s\u00e9ben <em>J\u00f3kai eml\u00e9kek nyom\u00e1ban a\u00a0K\u00e1rp\u00e1t-medenc\u00e9ben \u00e9s\u00a0Eur\u00f3p\u00e1ban<\/em> c\u00edm\u0171 ki\u00e1ll\u00edt\u00e1st tekinthett\u00e9k meg di\u00e1kjaink \u00e9s\u00a0vend\u00e9geink a\u00a0J\u00f3kai 200\u00a0eml\u00e9k\u00e9v keret\u00e9ben.<\/p>\n<p style=\"text-align: justify;\">A\u00a0tant\u00e1rgyi \u00e9s\u00a0sportversenyeken kiemelked\u0151en sz\u00e9p eredm\u00e9nyeket \u00e9rtek el di\u00e1kjaink az\u00a0elm\u00falt tan\u00e9vben is. A\u00a0magyar nyelvi versenyek k\u00f6z\u00fcl a\u00a0Sz\u00e9p magyar besz\u00e9d orsz\u00e1gos 1.\u00a0\u00e9s\u00a03.\u00a0helyez\u00e9se, a\u00a0Kults\u00e1r Tibor essz\u00e9\u00edr\u00f3 verseny 1.\u00a0helyez\u00e9se jelentette a\u00a0legszebb sikereket, valamint a\u00a0Tompa Mih\u00e1ly szaval\u00f3verseny orsz\u00e1gos d\u00f6nt\u0151j\u00e9ben \u00f6t di\u00e1kunk szerepelt, k\u00f6z\u00fcl\u00fck orsz\u00e1gos 1.\u00a0\u00e9s\u00a03.\u00a0helyez\u00e9st \u00e9rtek el, a\u00a0megzen\u00e9s\u00edtett versek kateg\u00f3ri\u00e1j\u00e1ban pedig a\u00a0Nekem 8\u00a0zenekarunk szint\u00e9n 1.\u00a0helyezett lett. A\u00a0XVIII. Kasz\u00e1s Attila Versmond\u00f3 Fesztiv\u00e1lon h\u00e1rom di\u00e1kl\u00e1nyunk k\u00e9pviselte iskol\u00e1nkat\u00a0\u2013\u00a0ketten aranys\u00e1vos besorol\u00e1st \u00e9rtek el. Bekapcsol\u00f3dtunk m\u00e9g az\u00a0Implom J\u00f3zsef helyes\u00edr\u00e1si verseny K\u00e1rp\u00e1t-medencei d\u00f6nt\u0151j\u00e9nek az\u00a0Anyanyelvi j\u00e1t\u00e9kok\u00a0\u2013\u00a0j\u00e1t\u00e9kos anyanyelv c\u00edm\u0171 versenybe, a\u00a0p\u00e1pai J\u00f3kai K\u00f6r egyes\u00fclet J\u00f3kai 200\u00a0novella\u00edr\u00f3 p\u00e1ly\u00e1zat\u00e1ba, \u00e9s\u00a0a\u00a0J\u00f3kai \u00e9s\u00a0kora irodalmi vet\u00e9lked\u0151be, ahol di\u00e1kjaink nagyszer\u0171en szerepeltek: 1., 2.\u00a0helyen v\u00e9geztek, illetve eredm\u00e9nyes versenyz\u0151k lettek.<\/p>\n<p style=\"text-align: justify;\">Szlov\u00e1k nyelvb\u0151l id\u00e9n is megszervezt\u00fck imm\u00e1r 26.\u00a0alkalommal a\u00a0nemzetk\u00f6zi Dobr\u00e9 slovo\u00a0\u2013\u00a0J\u00f3 Sz\u00f3 szaval\u00f3versenyt, amelynek f\u0151v\u00e9dn\u00f6ke Peter Pellegrini k\u00f6zt\u00e1rsas\u00e1gi eln\u00f6k volt. Di\u00e1kunk az\u00a0orsz\u00e1gos fordul\u00f3 1.\u00a0hely\u00e9n v\u00e9gzett. A\u00a0Poznaj slovenk\u00fa re\u010d\u00a0\u2013\u00a0Ismerd meg a\u00a0szlov\u00e1k nyelvet orsz\u00e1gos d\u00f6nt\u0151j\u00e9be k\u00e9t di\u00e1kunk is beker\u00fclt, \u00e9s\u00a0di\u00e1kjaink sikeresen szerepeltek a\u00a0Hviezdoslavov Kub\u00edn szaval\u00f3versenyen is.<\/p>\n<p style=\"text-align: justify;\">Angol nyelvb\u0151l ker\u00fcleti 2.\u00a0helyet \u00e9s\u00a04.\u00a0helyet szereztek, az\u00a0\u00c9v angolosa (Best in English) versenyen 31\u00a0orsz\u00e1g 740\u00a0iskol\u00e1j\u00e1nak 29106\u00a0di\u00e1kja kapcsol\u00f3dott be\u00a0\u2013\u00a0di\u00e1kjaink szint\u00e9n remek\u00fcl helyt \u00e1lltak; id\u00e9n harmadik alkalommal ker\u00fclt megrendez\u00e9sre iskol\u00e1nkban az\u00a0EnglishStar verseny kisgimnazist\u00e1ink r\u00e9sz\u00e9re. N\u00e9met nyelvb\u0151l ker\u00fcleti 2.\u00a0helyet, illetve 5.\u00a0helyet szereztek. Spanyol nyelvb\u0151l ker\u00fcleti 1.\u00a0\u00e9s\u00a02.\u00a0helyet szereztek di\u00e1kjaink, \u00e9s\u00a0egy\u00a0di\u00e1kunk beker\u00fclt az\u00a0orsz\u00e1gos d\u00f6nt\u0151be. A\u00a0tavalyi tan\u00e9vben a\u00a0Selye J\u00e1nos Gimn\u00e1zium nyelvszakos tan\u00e1rai t\u00f6bb tanulm\u00e1nyi utat is szerveztek: B\u00e9csbe, Bajororsz\u00e1gba, Spanyolorsz\u00e1gba \u00e9s\u00a0Angli\u00e1ba.<\/p>\n<p style=\"text-align: justify;\">Nagy \u00f6r\u00f6m\u00fcnkre szolg\u00e1lt, hogy a\u00a0Gloria Victis, a\u00a0Cultura Nostra, az\u00a0Est\u00f6ri rangos t\u00f6rt\u00e9nelemversenyek K\u00e1rp\u00e1t-medencei d\u00f6nt\u0151iben, illetve a\u00a0II. vil\u00e1gh\u00e1bor\u00fa utols\u00f3 \u00e9veivel foglalkoz\u00f3 V\u00e9g \u00e9s\u00a0kezdet versenyen, a\u00a0Wallenberg vet\u00e9lked\u0151n, az\u00a0Egy\u00fctt hat\u00e1rok n\u00e9lk\u00fcl c\u00edm\u0171 vet\u00e9lked\u0151 \u00e9s\u00a0a\u00a0Nec\u00a0arte, nec marte vet\u00e9lked\u0151n is iskol\u00e1nk csapatai sikerrel versenyeztek.<\/p>\n<p style=\"text-align: justify;\">Di\u00e1kjaink id\u00e9n is sikeresen szerepeltek az\u00a0Orsz\u00e1gos Bibliaolimpi\u00e1n, ahol orsz\u00e1gos 2.\u00a0helyen v\u00e9geztek.<\/p>\n<p style=\"text-align: justify;\">Als\u00f3 tagozatos tanul\u00f3ink \u00e9s\u00a0a\u00a0\u201enagygimisek\u201d a\u00a0matematikai olimpia ker\u00fcleti fordul\u00f3iban szereztek t\u00f6bb dobog\u00f3s helyez\u00e9st a\u00a0k\u00fcl\u00f6nb\u00f6z\u0151 kateg\u00f3ri\u00e1kban \u00e9s\u00a0versenyeken. Di\u00e1kjaink bekapcsol\u00f3dtak a\u00a0nemzetk\u00f6zi Kenguru matematikaversenybe, a\u00a0Zr\u00ednyi Ilona matematikaversenybe, a\u00a0Felvid\u00e9ki Magyar Matematikaverseny\u00a0\u2013\u00a0Ol\u00e1h Gy\u00f6rgy Eml\u00e9kversenybe, K\u00d6MAL versenyekbe \u00e9s\u00a0Cornides Istv\u00e1n matematika- \u00e9s\u00a0fizika-eml\u00e9kversenybe is.<\/p>\n<p style=\"text-align: justify;\">A fizikaversenyeken versenyz\u0151 di\u00e1kjaink ker\u00fcleti 2. \u00e9s k\u00fcl\u00f6nb\u00f6z\u0151 m\u00e1s helyez\u00e9ssel t\u00e9rtek haza. Di\u00e1kjaink bekapcsol\u00f3dtak a D\u00fcrer versenybe, \u00e9s megl\u00e1togatt\u00e1k Sv\u00e1jcban a Nukle\u00e1ris Kutat\u00e1sok Eur\u00f3pai K\u00f6zpontj\u00e1t, ismertebb nev\u00e9n a CERN-t. Matematika \u00e9s fizika olimpi\u00e1k ker\u00fcleti fordul\u00f3iban a Selye J\u00e1nos Gimn\u00e1zium di\u00e1kjai szerezt\u00e9k a legt\u00f6bb eredm\u00e9nyes megold\u00f3i c\u00edmet Nyitra megy\u00e9ben. Informatik\u00e1b\u00f3l az\u00a0e-H\u00f3d versenyen m\u00e1r hagyom\u00e1nyosan t\u00f6bben is maxim\u00e1lis pontsz\u00e1mmal v\u00e9geztek az\u00a0orsz\u00e1gos lista \u00e9l\u00e9n, \u00e9s\u00a0a\u00a0verseny szlov\u00e1k nyelv\u0171 v\u00e1ltozat\u00e1ban\u00a0\u2013\u00a0iBobor\u00a0\u2013\u00a0is sikeresen szerepeltek. Azonk\u00edv\u00fcl bekapcsol\u00f3dtak a\u00a0Nemes Tiham\u00e9r programoz\u00f3i versenybe, a\u00a0Term\u00e9szettudom\u00e1nyi Triatlonba \u00e9s\u00a0a\u00a0kisgimnazist\u00e1k r\u00e9sz\u00e9re online zajl\u00f3 Scratch Cup orsz\u00e1gos fordul\u00f3j\u00e1ba is.<\/p>\n<p style=\"text-align: justify;\">F\u00f6ldrajzb\u00f3l di\u00e1kjaink r\u00e9szt vettek a\u00a0Curie K\u00f6rnyezetv\u00e9delmi Eml\u00e9kversenyen, az\u00a0Baksa Csaba K\u00e1rp\u00e1t-medencei f\u00f6ldrajz \u00e9s\u00a0f\u00f6ldtudom\u00e1nyi versenyen, a\u00a0f\u00f6ldrajzolimpi\u00e1n \u00e9s\u00a0a\u00a0Z\u00f6ld F\u00f6ld Kupa fenntarthat\u00f3s\u00e1gi versenyen, ahonnan t\u00f6bb d\u00edjjal \u00e9rtek haza. \u00d6kocsapatunk t\u00f6bb tucat di\u00e1kkal az\u00a0\u00f6kol\u00f3giai probl\u00e9m\u00e1kkal, k\u00f6rnyezetv\u00e9delemmel foglalkozott, \u00e9s\u00a0sikeres p\u00e1ly\u00e1zatoknak k\u00f6sz\u00f6nhet\u0151en sz\u00e9p\u00edtett\u00e9k iskol\u00e1nk udvar\u00e1t.<\/p>\n<p style=\"text-align: justify;\">K\u00e9mi\u00e1b\u00f3l \u00e9s\u00a0biol\u00f3gi\u00e1b\u00f3l is t\u00f6bb versenybe kapcsol\u00f3dtak be di\u00e1kjaink: Irinyi J\u00f3zsef k\u00e9miaverseny, a\u00a0k\u00e9mia \u00e9s\u00a0biol\u00f3giaolimpi\u00e1k k\u00fcl\u00f6nb\u00f6z\u0151 kateg\u00f3ri\u00e1i.<\/p>\n<p style=\"text-align: justify;\">Sportol\u00f3 di\u00e1kjaink t\u00f6bb meghirdetett versenybe\u00a0\u2013\u00a0kos\u00e1rlabda, r\u00f6plabda, futball, k\u00e9zilabda\u00a0\u2013\u00a0sikeresen bekapcsol\u00f3dtak, \u00e9s\u00a0r\u00e9szt vett\u00fcnk a\u00a0Szlov\u00e1kiai Magyar Gimn\u00e1ziumok Orsz\u00e1gos Bajnoks\u00e1g\u00e1n is, ahol t\u00f6bb versenysz\u00e1mot di\u00e1kjaink meg is nyertek. Id\u00e9n is a\u00a0Kom\u00e1rom-Kom\u00e1rno fut\u00f3versenyen a\u00a0Selye J\u00e1nos Gimn\u00e1zium di\u00e1kjai futottak legnagyobb csapattal\u00a0\u2013\u00a0el is nyert\u00fck \u201eA legt\u00f6bb di\u00e1kot ind\u00edt\u00f3 iskola\u201d c\u00edmet. Koll\u00e9g\u00e1im id\u00e9n is k\u00e9t s\u00edt\u00e1bort szerveztek. Id\u00e9n m\u00e1sodik alkalommal szerveztek koll\u00e9g\u00e1im balatoni sz\u00f6rft\u00e1bort a\u00a0Bethlen G\u00e1bor Alapkezel\u0151 Zrt. anyagi t\u00e1mogat\u00e1s\u00e1nak k\u00f6sz\u00f6nhet\u0151en. Kar\u00e1csony el\u0151tt ism\u00e9t megszervezt\u00fck a\u00a024-\u00f3r\u00e1s r\u00f6plabdamaratont. Magyarorsz\u00e1g K\u00fclgazdas\u00e1gi \u00e9s\u00a0K\u00fcl\u00fcgyminiszt\u00e9riuma j\u00f3volt\u00e1b\u00f3l iskol\u00e1nk egy\u00a0teqball-asztallal gazdagodott.<\/p>\n<p style=\"text-align: justify;\">Az\u00a0SZMPSZ X. Felvid\u00e9ki Tehets\u00e9gnapj\u00e1n n\u00e9gy csapatunknak\u00a0\u2013\u00a0iskol\u00e1nk fi\u00fa kos\u00e1rlabdacsapat\u00e1nak, Jap\u00e1n Kr\u00fadyk csapatnak, EkoH\u0151s\u00f6knek \u00e9s\u00a0H\u00e1rom Dimenzi\u00f3 csapatnak\u00a0\u2013\u00a0\u00edt\u00e9lt\u00e9k oda a\u00a0Tehets\u00e9gd\u00edjat a\u00a0magyar nyelv \u00e9s\u00a0irodalom, sport \u00e9s\u00a0mozg\u00e1skult\u00fara, illetve matematika \u00e9s\u00a0f\u00f6ldrajz kateg\u00f3ri\u00e1iban.<\/p>\n<p style=\"text-align: justify;\">Id\u00e9n folytatta tev\u00e9kenys\u00e9g\u00e9t a\u00a0PUSZTAszerII. nev\u0171 iskolai zenekar, amely magyar alternat\u00edv \u00e9s\u00a0rockzen\u00e9k feldolgoz\u00e1s\u00e1t adja el\u0151. Id\u00e9n is akt\u00edvan m\u0171k\u00f6d\u00f6tt iskol\u00e1nk Di\u00e1k\u00f6nkorm\u00e1nyzata, k\u00fcl\u00f6nb\u00f6z\u0151 programokat\u00a0\u2013\u00a0di\u00e1kb\u00e1lokat, sportnapokat, di\u00e1knapot\u00a0\u2013\u00a0szerveztek. Iskol\u00e1nkban m\u0171k\u00f6dik a\u00a0R\u00e1k\u00f3czi Sz\u00f6vets\u00e9g helyi alapszervezete is, \u00e9s\u00a0di\u00e1kjaink r\u00e9szt vettek a\u00a0R\u00e1k\u00f3czi Sz\u00f6vets\u00e9g \u00e1ltal szervezett programokon. M\u00e1r \u00e9vek \u00f3ta j\u00f3l m\u0171k\u00f6dik Kaktusz di\u00e1k\u00fajs\u00e1gunk is. Nagy hangs\u00falyt fektet\u00fcnk adom\u00e1nygy\u0171jt\u00e9sek szervez\u00e9s\u00e9re is\u00a0\u2013\u00a0di\u00e1kjaink bekapcsol\u00f3dtak t\u00f6bb gy\u0171jt\u00e9si programba is: Biela pastelka\u00a0\u2013\u00a0Feh\u00e9r zs\u00edrkr\u00e9ta, De\u0148 nez\u00e1budiek\u00a0\u2013\u00a0Nefelejcsek napja, a\u00a0V\u00f6r\u00f6s Kereszt \u00e1ltal szervezett \u00e9lelmiszergy\u0171jt\u00e9s, Hodina de\u0165om\u00a0\u2013\u00a0Egy \u00f3ra a\u00a0gyermekek\u00e9rt, De\u0148 narcisov\u00a0\u2013\u00a0N\u00e1rcisznap \u00e9s\u00a0Modr\u00fd gomb\u00edk\u00a0\u2013\u00a0K\u00e9k gomb. Id\u00e9n is k\u00e9t alkalommal k\u00f6zel 50\u00a0di\u00e1kunk \u00e9s\u00a0koll\u00e9g\u00e1nk adott v\u00e9rt a\u00a0kom\u00e1romi k\u00f3rh\u00e1zban.<\/p>\n<p style=\"text-align: justify;\">A\u00a0sikerek\u00e9rt term\u00e9szetesen k\u00f6sz\u00f6net illeti a\u00a0di\u00e1kokat, a\u00a0felk\u00e9sz\u00edt\u0151 tan\u00e1rokat, de ugyanakkor a\u00a0sz\u00fcl\u0151ket is, akik \u00e9vr\u0151l \u00e9vre sok tanul\u00f3t \u00edratnak be hozz\u00e1nk. A\u00a0tavalyi iskola\u00e9vben 108\u00a0di\u00e1k \u00e9retts\u00e9gizett, id\u00e9n pedig 122\u00a0els\u0151s di\u00e1kkal kezdj\u00fck meg a\u00a02025\/26-os tan\u00e9vet a\u00a04-, illetve 8-\u00e9ves tagozaton. K\u00f6sz\u00f6nj\u00fck a\u00a0gimn\u00e1zium mellet m\u0171k\u00f6d\u0151 Kir\u00e1ly P\u00fcsp\u00f6k Alap\u00edtv\u00e1ny seg\u00edts\u00e9g\u00e9t is, amely \u00e9vente k\u00f6zel 25\u00a0ezer eur\u00f3val t\u00e1mogatja szoci\u00e1lisan h\u00e1tr\u00e1nyos helyzet\u0171 tehets\u00e9ges di\u00e1kjainkat \u00e9s\u00a0fejleszti az\u00a0iskola eszk\u00f6zparkj\u00e1t. Mindez \u00fajabb er\u0151t ad, hogy folytassuk az\u00a0egykori kom\u00e1romi jezsuita, majd k\u00e9s\u0151bb benc\u00e9s gimn\u00e1ziumok di\u00e1kjai \u00e9s\u00a0tan\u00e1rai \u00e1ltal megalapozott hagyom\u00e1nyokat. A\u00a0tanul\u00f3k nevel\u00e9s\u00e9ben tov\u00e1bbra is n\u00e9gy pill\u00e9rre \u00e9p\u00edt\u00fcnk: magyars\u00e1g ir\u00e1nti h\u0171s\u00e9gre, a\u00a0toleranci\u00e1ra, a\u00a0magas szint\u0171 szellemi tud\u00e1sra \u00e9s\u00a0a\u00a0hagyom\u00e1nyaink\u00a0\u2013\u00a0\u201egy\u00f6kereink\u201d\u00a0\u2013\u00a0\u00e1pol\u00e1s\u00e1ra.<\/p>\n<p style=\"text-align: justify;\">B\u0151vebb \u00e9s\u00a0r\u00e9szletesebb t\u00e1j\u00e9koztat\u00f3 \u00e9s\u00a0inform\u00e1ci\u00f3 a\u00a0j\u00faniusban kiadott \u00c9vk\u00f6nyvben olvashat\u00f3, amely az\u00a0iskola titk\u00e1rs\u00e1g\u00e1n k\u00e9rhet\u0151. (Ez az\u00a0\u00f6sszefoglal\u00f3 koll\u00e9g\u00e1ink \u00e9s\u00a0di\u00e1kjaink \u00edr\u00e1sainak a\u00a0felhaszn\u00e1l\u00e1s\u00e1val k\u00e9sz\u00fclt.)<\/p>\n<div><span style=\"color: #ffffff;\">\u00a0<\/span><\/div>\n<p><a style=\"text-decoration: none; font-weight: bold !important;\" href=\"\/folyoirat\/xxxiii_01-02\"><span style=\"color: black;\">Vissza a\u00a0tartalomjegyz\u00e9kre<\/span><\/a><\/p>\n","protected":false},"excerpt":{"rendered":"<p>2025. szeptember\u2013okt\u00f3ber, XXXIII. \u00e9vfolyam, 1\u20132. sz\u00e1m, ISSN 2729-9066 A\u00a0cikk let\u00f6lt\u00e9se PDF form\u00e1tumban \u00a0 Andrusk\u00f3 Imre A\u00a02024\/2025-\u00f6s tan\u00e9v a\u00a0Selye J\u00e1nos Gimn\u00e1ziumban Benc\u00e9s eml\u00e9k\u00e9v \u00a0 A\u00a0Selye J\u00e1nos Gimn\u00e1ziumnak az\u00a0elm\u00falt tan\u00e9vben is t\u00f6bb jelent\u0151s esem\u00e9ny gazdag\u00edtotta kr\u00f3nik\u00e1j\u00e1t. Jelenleg t\u00f6bb, jelent\u0151s anyagi vonzat\u00fa p\u00e1ly\u00e1zatban is \u00e9rintettek vagyunk, hiszen az\u00a0oktat\u00e1si miniszt\u00e9rium \u00e1ltal felk\u00edn\u00e1lt lehet\u0151s\u00e9get kihaszn\u00e1lva bekapcsol\u00f3dtunk a\u00a0DigiEdu programba, amelynek k\u00f6sz\u00f6nhet\u0151en [&hellip;]<\/p>\n","protected":false},"author":2,"featured_media":0,"comment_status":"closed","ping_status":"open","sticky":false,"template":"","format":"standard","meta":{"_acf_changed":false,"_lmt_disableupdate":"no","_lmt_disable":"","footnotes":""},"categories":[1],"tags":[],"class_list":["post-28105","post","type-post","status-publish","format-standard","hentry","category-egyeb"],"acf":[],"modified_by":"decsiz","_links":{"self":[{"href":"https:\/\/katedra.sk\/folyoirat\/wp-json\/wp\/v2\/posts\/28105","targetHints":{"allow":["GET"]}}],"collection":[{"href":"https:\/\/katedra.sk\/folyoirat\/wp-json\/wp\/v2\/posts"}],"about":[{"href":"https:\/\/katedra.sk\/folyoirat\/wp-json\/wp\/v2\/types\/post"}],"author":[{"embeddable":true,"href":"https:\/\/katedra.sk\/folyoirat\/wp-json\/wp\/v2\/users\/2"}],"replies":[{"embeddable":true,"href":"https:\/\/katedra.sk\/folyoirat\/wp-json\/wp\/v2\/comments?post=28105"}],"version-history":[{"count":5,"href":"https:\/\/katedra.sk\/folyoirat\/wp-json\/wp\/v2\/posts\/28105\/revisions"}],"predecessor-version":[{"id":28392,"href":"https:\/\/katedra.sk\/folyoirat\/wp-json\/wp\/v2\/posts\/28105\/revisions\/28392"}],"wp:attachment":[{"href":"https:\/\/katedra.sk\/folyoirat\/wp-json\/wp\/v2\/media?parent=28105"}],"wp:term":[{"taxonomy":"category","embeddable":true,"href":"https:\/\/katedra.sk\/folyoirat\/wp-json\/wp\/v2\/categories?post=28105"},{"taxonomy":"post_tag","embeddable":true,"href":"https:\/\/katedra.sk\/folyoirat\/wp-json\/wp\/v2\/tags?post=28105"}],"curies":[{"name":"wp","href":"https:\/\/api.w.org\/{rel}","templated":true}]}}